{"id":193817,"date":"2025-12-18T20:34:25","date_gmt":"2025-12-18T20:34:25","guid":{"rendered":"https:\/\/www.europesays.com\/pt\/193817\/"},"modified":"2025-12-18T20:34:25","modified_gmt":"2025-12-18T20:34:25","slug":"mudancas-climaticas-impactam-no-numero-de-casos-de-cancer-de-pele","status":"publish","type":"post","link":"https:\/\/www.europesays.com\/pt\/193817\/","title":{"rendered":"Mudan\u00e7as clim\u00e1ticas impactam no n\u00famero de casos de c\u00e2ncer de pele"},"content":{"rendered":"<p dir=\"ltr\">Nos \u00faltimos anos, a preocupa\u00e7\u00e3o com o meio ambiente se tornou um tema importante para a sociedade. Uma pesquisa recente, divulgada pela Revista da Sociedade Real de Medicina, revelou que as mudan\u00e7as clim\u00e1ticas podem afetar nossas vidas de maneiras diferentes, n\u00e3o s\u00f3 com o aumento de temperatura e o acontecimento de desastres naturais agravados pelas condi\u00e7\u00f5es clim\u00e1ticas, mas influenciando at\u00e9 no surgimento de doen\u00e7as como o c\u00e2ncer de pele.<\/p>\n<p dir=\"ltr\">Segundo o Instituto Nacional de C\u00e2ncer (Inca), nos \u00faltimos 11 anos, o Brasil registrou um aumento nos casos de c\u00e2ncer de pele, que \u00e9 o tipo da doen\u00e7a que mais atinge os brasileiros. Os novos casos identificados da doen\u00e7a por ano aumentaram 20%. No ano de 2014, 182 mil brasileiros receberam o diagn\u00f3stico de c\u00e2ncer de pele, j\u00e1 em 2025, esse n\u00famero saltou para 220 mil.<\/p>\n<p dir=\"ltr\">O aumento da temperatura e a intensifica\u00e7\u00e3o dos raios ultravioletas podem causar os tumores principalmente por meio de danos diretos ao DNA das c\u00e9lulas da pele que s\u00e3o potencializados pelo calor. A oncologista Camila Jappour Naegele, da Rede D&#8217;Or, refor\u00e7a que com o aumento da temperatura \u00e9 preciso se cuidar ao realizar tarefas ao ar livre.<\/p>\n<p dir=\"ltr\">\u00a0\u201cMuitas pessoas v\u00e3o \u00e0 praia, praticam esportes, fazem caminhadas, ciclismo e turismo, sem a devida prote\u00e7\u00e3o solar. A situa\u00e7\u00e3o se agrava quando vestem roupas mais curtas, sem mangas e decotes, sem usar o protetor solar&#8221;, pontuou a especialista.<\/p>\n<p dir=\"ltr\">Outro fator que influencia no n\u00famero de casos da doen\u00e7a \u00e9 a localiza\u00e7\u00e3o geogr\u00e1fica, que acomete mais pessoas em \u00e1reas mais quentes, como regi\u00f5es tropicais. Um estudo da Universidade de Oxford e do Wexham Park Hospital, no Reino Unido, comprovou que casos de c\u00e2ncer n\u00e3o melanoma crescem em 5% a cada grau Celsius a mais de temperatura.<\/p>\n<p dir=\"ltr\">A melhor medida contra o c\u00e2ncer de pele ainda \u00e9 se prevenir. O uso de protetor solar e roupas que oferecem prote\u00e7\u00e3o ultra violeta s\u00e3o indispens\u00e1veis, \u00e9 recomendado tamb\u00e9m se proteger do sol em hor\u00e1rios em que a temperatura \u00e9 mais intensa, das 10h \u00e0s 16h.<\/p>\n<p dir=\"ltr\">A oncologista Camila ressalta que \u00e9 preciso ter cuidado tamb\u00e9m com a regi\u00e3o do couro cabeludo, que est\u00e1 frequentemente exposta ao Sol. \u201cNesta regi\u00e3o \u00e9 preciso passar protetor solar ou usar bon\u00e9 ou chap\u00e9u\u201d, ressaltou Camila.<\/p>\n<p dir=\"ltr\"><strong>*Estagi\u00e1rio sob supervis\u00e3o de Mariana Niederauer<\/strong><\/p>\n<ul>\n<li><a href=\"https:\/\/wa.me\/?text=Mudan%C3%A7as+clim%C3%A1ticas+impactam+no+n%C3%BAmero+de+casos+de+c%C3%A2ncer+de+pele%2C+mostra+estudo%20https:\/\/www.correiobraziliense.com.br\/ciencia-e-saude\/2025\/12\/7315203-mudancas-climaticas-impactam-no-numero-de-casos-de-cancer-de-pele.html\" target=\"_blank\" title=\"Whatsapp\" aria-label=\"WhatsApp\" rel=\"nofollow noopener\"><\/a><\/li>\n<li><a href=\"https:\/\/www.facebook.com\/sharer.php?u=https:\/\/www.correiobraziliense.com.br%2Fciencia-e-saude%2F2025%2F12%2F7315203-mudancas-climaticas-impactam-no-numero-de-casos-de-cancer-de-pele.html&amp;text=Mudan%C3%A7as+clim%C3%A1ticas+impactam+no+n%C3%BAmero+de+casos+de+c%C3%A2ncer+de+pele%2C+mostra+estudo\" target=\"_blank\" title=\"Facebook\" aria-label=\"Facebook\" rel=\"nofollow noopener\"><\/a><\/li>\n<li><a href=\"https:\/\/twitter.com\/intent\/tweet?url=https:\/\/www.correiobraziliense.com.br%2Fciencia-e-saude%2F2025%2F12%2F7315203-mudancas-climaticas-impactam-no-numero-de-casos-de-cancer-de-pele.html&amp;text=Mudan%C3%A7as+clim%C3%A1ticas+impactam+no+n%C3%BAmero+de+casos+de+c%C3%A2ncer+de+pele%2C+mostra+estudo\" target=\"_blank\" title=\"Twitter\" aria-label=\"Twitter\" rel=\"nofollow noopener\"><\/a><\/li>\n<li><a href=\"https:\/\/profile.google.com\/cp\/CgovbS8wNzZ0dms1\" title=\"Google Discover\" target=\"_blank\" aria-label=\"Google Discover\" rel=\"nofollow noopener\"><img decoding=\"async\" src=\"https:\/\/www.europesays.com\/pt\/wp-content\/uploads\/2025\/12\/google-discover-icon.png\" style=\"height: 25px; margin: 0 !important; margin-left: 3px;\" alt=\"Google Discover Icon\"\/><\/a><\/li>\n<\/ul>\n<p>              <a href=\"https:\/\/www.correiobraziliense.com.br\/autor\/julio-noronha*\/page\/1\/\" style=\"height: 100%;\" rel=\"nofollow noopener\" target=\"_blank\"><img decoding=\"async\" class=\"hidden-print author-circle d-block h6 mt-0 mb-0 mr-6 text-center\" src=\"https:\/\/www.europesays.com\/pt\/wp-content\/uploads\/2025\/08\/img_0174-57137037.jpeg\" alt=\"\" width=\"40\" height=\"40\" loading=\"lazy\" style=\"object-fit:cover; width: 40px; height: 40px; margin-right:10px;\"\/><\/a><a href=\"https:\/\/www.correiobraziliense.com.br\/autor\/julio-noronha*\/page\/1\/\" rel=\"nofollow noopener\" target=\"_blank\"><img decoding=\"async\" class=\"hidden-print author-circle d-block h6 mt-0 mb-0 mr-6 text-center\" src=\"https:\/\/www.europesays.com\/pt\/wp-content\/uploads\/2025\/08\/img_0174-57137037.jpeg\" alt=\"\" width=\"40\" height=\"40\" loading=\"lazy\" style=\"object-fit:cover; width: 40px; height: 40px; margin-right:10px;\"\/><\/a>J\u00falio Noronha*  <strong class=\"entryStrongAuthor\"\/><\/p>\n<p class=\"entryDescricaoAuthor\">Estudante de jornalismo no Centro Universit\u00e1rio Iesb, \u00e9 estagi\u00e1rio do site do Correio Braziliense.<\/p>\n<p>                          <script async src=\"https:\/\/platform.twitter.com\/widgets.js\" charset=\"utf-8\"><\/script><\/p>\n","protected":false},"excerpt":{"rendered":"Nos \u00faltimos anos, a preocupa\u00e7\u00e3o com o meio ambiente se tornou um tema importante para a sociedade. Uma&hellip;\n","protected":false},"author":2,"featured_media":193818,"comment_status":"","ping_status":"","sticky":false,"template":"","format":"standard","meta":{"footnotes":""},"categories":[86],"tags":[726,1776,3888,4357,116,9326,32,33,117],"class_list":{"0":"post-193817","1":"post","2":"type-post","3":"status-publish","4":"format-standard","5":"has-post-thumbnail","7":"category-saude","8":"tag-brasil","9":"tag-cancer","10":"tag-cancer-de-pele","11":"tag-doenca","12":"tag-health","13":"tag-mudancas-climaticas","14":"tag-portugal","15":"tag-pt","16":"tag-saude"},"share_on_mastodon":{"url":"https:\/\/pubeurope.com\/@pt\/115742485870412944","error":""},"_links":{"self":[{"href":"https:\/\/www.europesays.com\/pt\/wp-json\/wp\/v2\/posts\/193817","targetHints":{"allow":["GET"]}}],"collection":[{"href":"https:\/\/www.europesays.com\/pt\/wp-json\/wp\/v2\/posts"}],"about":[{"href":"https:\/\/www.europesays.com\/pt\/wp-json\/wp\/v2\/types\/post"}],"author":[{"embeddable":true,"href":"https:\/\/www.europesays.com\/pt\/wp-json\/wp\/v2\/users\/2"}],"replies":[{"embeddable":true,"href":"https:\/\/www.europesays.com\/pt\/wp-json\/wp\/v2\/comments?post=193817"}],"version-history":[{"count":0,"href":"https:\/\/www.europesays.com\/pt\/wp-json\/wp\/v2\/posts\/193817\/revisions"}],"wp:featuredmedia":[{"embeddable":true,"href":"https:\/\/www.europesays.com\/pt\/wp-json\/wp\/v2\/media\/193818"}],"wp:attachment":[{"href":"https:\/\/www.europesays.com\/pt\/wp-json\/wp\/v2\/media?parent=193817"}],"wp:term":[{"taxonomy":"category","embeddable":true,"href":"https:\/\/www.europesays.com\/pt\/wp-json\/wp\/v2\/categories?post=193817"},{"taxonomy":"post_tag","embeddable":true,"href":"https:\/\/www.europesays.com\/pt\/wp-json\/wp\/v2\/tags?post=193817"}],"curies":[{"name":"wp","href":"https:\/\/api.w.org\/{rel}","templated":true}]}}