{"id":193842,"date":"2025-12-18T20:56:41","date_gmt":"2025-12-18T20:56:41","guid":{"rendered":"https:\/\/www.europesays.com\/pt\/193842\/"},"modified":"2025-12-18T20:56:41","modified_gmt":"2025-12-18T20:56:41","slug":"idosa-morta-a-pancada-em-casa","status":"publish","type":"post","link":"https:\/\/www.europesays.com\/pt\/193842\/","title":{"rendered":"Idosa morta \u00e0 pancada em casa"},"content":{"rendered":"<p data-remotead-prev-elm=\"true\" data-remotead-elm-id=\"inread\">A Brigada de Homic\u00eddios da Pol\u00edcia Judici\u00e1ria de Braga j\u00e1 concluiu tratar-se de um crime de homic\u00eddio e abriu uma investiga\u00e7\u00e3o nesse sentido. O crime foi cometido na moradia da octogen\u00e1ria, situada na Travessa da Ribeira, em Ada\u00fafe, que \u00e9 a maior freguesia de Braga.<\/p>\n<p>Um vizinho que, na tarde de ter\u00e7a-feira, se apercebeu de latidos estranhos de c\u00e3es das casas cont\u00edguas, chamou a GNR de Braga. Os militares depararam-se j\u00e1 com o cad\u00e1ver de Teresa de Jesus, tendo sido acionada imediatamente a PJ de Braga.<\/p>\n<p>Ao que tudo indica, o crime ter\u00e1 sido cometido no domingo, mas s\u00f3 a aut\u00f3psia \u00e9 que ajudar\u00e1 a determinar as circunst\u00e2ncias da morte. No local, n\u00e3o eram vis\u00edveis sinais de a casa ter sido remexida ou que algo tenha sido roubado da moradia, situada numa zona rural, nas proximidades da margem esquerda do rio C\u00e1vado.<\/p>\n","protected":false},"excerpt":{"rendered":"A Brigada de Homic\u00eddios da Pol\u00edcia Judici\u00e1ria de Braga j\u00e1 concluiu tratar-se de um crime de homic\u00eddio e&hellip;\n","protected":false},"author":2,"featured_media":193843,"comment_status":"","ping_status":"","sticky":false,"template":"","format":"standard","meta":{"footnotes":""},"categories":[10],"tags":[1912,27,28,15,16,14,5564,603,25,26,21,22,12,13,19,20,32,23,24,33,17,18,29,30,31],"class_list":{"0":"post-193842","1":"post","2":"type-post","3":"status-publish","4":"format-standard","5":"has-post-thumbnail","7":"category-portugal","8":"tag-braga","9":"tag-breaking-news","10":"tag-breakingnews","11":"tag-featured-news","12":"tag-featurednews","13":"tag-headlines","14":"tag-homicidio","15":"tag-justica","16":"tag-latest-news","17":"tag-latestnews","18":"tag-main-news","19":"tag-mainnews","20":"tag-news","21":"tag-noticias","22":"tag-noticias-principais","23":"tag-noticiasprincipais","24":"tag-portugal","25":"tag-principais-noticias","26":"tag-principaisnoticias","27":"tag-pt","28":"tag-top-stories","29":"tag-topstories","30":"tag-ultimas","31":"tag-ultimas-noticias","32":"tag-ultimasnoticias"},"share_on_mastodon":{"url":"https:\/\/pubeurope.com\/@pt\/115742571510739119","error":""},"_links":{"self":[{"href":"https:\/\/www.europesays.com\/pt\/wp-json\/wp\/v2\/posts\/193842","targetHints":{"allow":["GET"]}}],"collection":[{"href":"https:\/\/www.europesays.com\/pt\/wp-json\/wp\/v2\/posts"}],"about":[{"href":"https:\/\/www.europesays.com\/pt\/wp-json\/wp\/v2\/types\/post"}],"author":[{"embeddable":true,"href":"https:\/\/www.europesays.com\/pt\/wp-json\/wp\/v2\/users\/2"}],"replies":[{"embeddable":true,"href":"https:\/\/www.europesays.com\/pt\/wp-json\/wp\/v2\/comments?post=193842"}],"version-history":[{"count":0,"href":"https:\/\/www.europesays.com\/pt\/wp-json\/wp\/v2\/posts\/193842\/revisions"}],"wp:featuredmedia":[{"embeddable":true,"href":"https:\/\/www.europesays.com\/pt\/wp-json\/wp\/v2\/media\/193843"}],"wp:attachment":[{"href":"https:\/\/www.europesays.com\/pt\/wp-json\/wp\/v2\/media?parent=193842"}],"wp:term":[{"taxonomy":"category","embeddable":true,"href":"https:\/\/www.europesays.com\/pt\/wp-json\/wp\/v2\/categories?post=193842"},{"taxonomy":"post_tag","embeddable":true,"href":"https:\/\/www.europesays.com\/pt\/wp-json\/wp\/v2\/tags?post=193842"}],"curies":[{"name":"wp","href":"https:\/\/api.w.org\/{rel}","templated":true}]}}