{"id":193844,"date":"2025-12-18T20:59:15","date_gmt":"2025-12-18T20:59:15","guid":{"rendered":"https:\/\/www.europesays.com\/pt\/193844\/"},"modified":"2025-12-18T20:59:15","modified_gmt":"2025-12-18T20:59:15","slug":"tucker-carlson-diz-que-trump-vai-declarar-guerra-a-venezuela","status":"publish","type":"post","link":"https:\/\/www.europesays.com\/pt\/193844\/","title":{"rendered":"Tucker\u00a0Carlson\u00a0diz que\u00a0Trump\u00a0vai declarar guerra \u00e0\u00a0Venezuela\u00a0"},"content":{"rendered":"<p>&#13;<br \/>\nO\u00a0comentador\u00a0ultraconservador\u00a0norte-americano,\u00a0Tucker\u00a0Carlson,\u00a0afirmou\u00a0entretanto que Trump se prepara para declarar guerra \u00e0 Venezuela.<\/p>\n<p>&#8220;Os membros do Congresso foram ontem (ter\u00e7a-feira)\u00a0informados de que est\u00e1 a caminho uma guerra e que o presidente a anunciar\u00e1 numa declara\u00e7\u00e3o \u00e0 na\u00e7\u00e3o esta noite (em Washington)&#8221;, disse\u00a0Carlson\u00a0no seu &#8216;podcast&#8217; Judging\u00a0Freedom.\u00a0A interven\u00e7\u00e3o de\u00a0Trump, a menos de um m\u00eas\u00a0de completar o primeiro ano desde o regresso \u00e0 Casa Branca, ser\u00e1 difundida em hor\u00e1rio nobre, \u00e0s 21:00 de Washington (02:00 de quinta-feira em Lisboa).\u00a0&#13;\n<\/p>\n<p>&#13;<br \/>\n&#8220;Foi um grande ano para o nosso pa\u00eds, e o melhor ainda est\u00e1 para vir&#8221;, disse\u00a0Trump\u00a0na ter\u00e7a-feira, ao anunciar a interven\u00e7\u00e3o\u00a0numa mensagem na sua rede social, a\u00a0Truth\u00a0Social.\u00a0\u00a0&#13;\n<\/p>\n<p>&#13;<br \/>\nA secret\u00e1ria de imprensa da Casa Branca,\u00a0<b>Karoline\u00a0Leavitt, afirmou que\u00a0Trump\u00a0far\u00e1 um balan\u00e7o do seu primeiro ano de mandato<\/b> e apresentar\u00e1 os seus planos para os pr\u00f3ximos tr\u00eas anos.\u00a0\u00a0&#13;\n<\/p>\n<p>&#13;<br \/>\nEspera-se\u00a0ainda\u00a0que\u00a0Trump\u00a0aborde os seus esfor\u00e7os para reduzir o custo de vida,\u00a0foco de crescentes cr\u00edticas dos seus pr\u00f3prios apoiantes, que o acusam de se concentrar mais na pol\u00edtica externa do que nos assuntos internos. Alta tens\u00e3o&#13;\n<\/p>\n<p>&#13;<br \/>\nNos meses mais recentes, a Administra\u00e7\u00e3o Trump mobilizou meios militares de grande envergadura junto \u00e0 \u00e1rea mar\u00edtima da Venezuela, sob pretexto de combater o narcotr\u00e1fico oriundo daquele pa\u00eds.&#13;\n<\/p>\n<p>&#13;<br \/>\nCerca de duas dezenas de embarca\u00e7\u00f5es de alta velocidade suspeitas de tr\u00e1fico de droga foram pulverizadas\u00a0no sul das Cara\u00edbas e no leste do Pac\u00edfico, por bombardeamentos dos EUA. Morreram pelo menos 95 tripulantes.&#13;\n<\/p>\n<p>&#13;<br \/>\nEsta ter\u00e7a-feira, Trump anunciou que os Estados Unidos v\u00e3o impor um bloqueio &#8220;total e &#13;<br \/>\ncompleto&#8221; a petroleiros sancionados que entram e saem da Venezuela. O presidente norte-americano acusa o regime do presidente venezuelano, Nicolas Maduro, de utilizar o petr\u00f3leo para &#8220;se financiar a si pr\u00f3prio, ao tr\u00e1fico de droga, ao tr\u00e1fico humano, a assassinatos e raptos&#8221;.\u00a0&#13;\n<\/p>\n<p>&#13;<br \/>\n&#8220;A Venezuela est\u00e1 completamente cercada pela maior armada alguma vez reunida na hist\u00f3ria da Am\u00e9rica do Sul. Ela s\u00f3 tende a crescer, e o choque para eles ser\u00e1 algo sem precedentes &#8211; at\u00e9 que devolvam aos Estados Unidos da Am\u00e9rica todo o petr\u00f3leo, terras e outros bens que nos roubaram&#8221;, frisou Trump.\u00a0&#13;\n<\/p>\n<p>&#13;<br \/>\n\u00a0&#13;<\/p>\n","protected":false},"excerpt":{"rendered":"&#13; O\u00a0comentador\u00a0ultraconservador\u00a0norte-americano,\u00a0Tucker\u00a0Carlson,\u00a0afirmou\u00a0entretanto que Trump se prepara para declarar guerra \u00e0 Venezuela. &#8220;Os membros do Congresso foram ontem (ter\u00e7a-feira)\u00a0informados&hellip;\n","protected":false},"author":2,"featured_media":193845,"comment_status":"","ping_status":"","sticky":false,"template":"","format":"standard","meta":{"footnotes":""},"categories":[8],"tags":[27,28,92,15,16,14,25,26,21,22,12,3025,13,19,20,32,23,24,33,17,18,29,30,31,3023],"class_list":{"0":"post-193844","1":"post","2":"type-post","3":"status-publish","4":"format-standard","5":"has-post-thumbnail","7":"category-principais-noticias","8":"tag-breaking-news","9":"tag-breakingnews","10":"tag-donald-trump","11":"tag-featured-news","12":"tag-featurednews","13":"tag-headlines","14":"tag-latest-news","15":"tag-latestnews","16":"tag-main-news","17":"tag-mainnews","18":"tag-news","19":"tag-nicolas-maduro","20":"tag-noticias","21":"tag-noticias-principais","22":"tag-noticiasprincipais","23":"tag-portugal","24":"tag-principais-noticias","25":"tag-principaisnoticias","26":"tag-pt","27":"tag-top-stories","28":"tag-topstories","29":"tag-ultimas","30":"tag-ultimas-noticias","31":"tag-ultimasnoticias","32":"tag-venezuela"},"share_on_mastodon":{"url":"https:\/\/pubeurope.com\/@pt\/115742583269665822","error":""},"_links":{"self":[{"href":"https:\/\/www.europesays.com\/pt\/wp-json\/wp\/v2\/posts\/193844","targetHints":{"allow":["GET"]}}],"collection":[{"href":"https:\/\/www.europesays.com\/pt\/wp-json\/wp\/v2\/posts"}],"about":[{"href":"https:\/\/www.europesays.com\/pt\/wp-json\/wp\/v2\/types\/post"}],"author":[{"embeddable":true,"href":"https:\/\/www.europesays.com\/pt\/wp-json\/wp\/v2\/users\/2"}],"replies":[{"embeddable":true,"href":"https:\/\/www.europesays.com\/pt\/wp-json\/wp\/v2\/comments?post=193844"}],"version-history":[{"count":0,"href":"https:\/\/www.europesays.com\/pt\/wp-json\/wp\/v2\/posts\/193844\/revisions"}],"wp:featuredmedia":[{"embeddable":true,"href":"https:\/\/www.europesays.com\/pt\/wp-json\/wp\/v2\/media\/193845"}],"wp:attachment":[{"href":"https:\/\/www.europesays.com\/pt\/wp-json\/wp\/v2\/media?parent=193844"}],"wp:term":[{"taxonomy":"category","embeddable":true,"href":"https:\/\/www.europesays.com\/pt\/wp-json\/wp\/v2\/categories?post=193844"},{"taxonomy":"post_tag","embeddable":true,"href":"https:\/\/www.europesays.com\/pt\/wp-json\/wp\/v2\/tags?post=193844"}],"curies":[{"name":"wp","href":"https:\/\/api.w.org\/{rel}","templated":true}]}}