{"id":193856,"date":"2025-12-18T21:09:22","date_gmt":"2025-12-18T21:09:22","guid":{"rendered":"https:\/\/www.europesays.com\/pt\/193856\/"},"modified":"2025-12-18T21:09:22","modified_gmt":"2025-12-18T21:09:22","slug":"unidade-de-saude-de-santa-luiza-promove-acao-de-conscientizacao-sobre-ists-prefeitura-de-vitoria","status":"publish","type":"post","link":"https:\/\/www.europesays.com\/pt\/193856\/","title":{"rendered":"Unidade de Sa\u00fade de Santa Lu\u00edza promove a\u00e7\u00e3o de conscientiza\u00e7\u00e3o sobre ISTs \u2013 Prefeitura de Vit\u00f3ria"},"content":{"rendered":"<p>                      Dezembro Vermelho: Unidade de Sa\u00fade de Santa Lu\u00edza promove a\u00e7\u00e3o de conscientiza\u00e7\u00e3o sobre ISTs<\/p>\n<ul class=\"list-unstyled ods\">\n<li>\n                          <a href=\"https:\/\/observavix.vitoria.es.gov.br\/objetivo\/3\" rel=\"external nofollow noopener\" title=\"Sa\u00fade e bem-estar\" target=\"_blank\"><img loading=\"lazy\" decoding=\"async\" src=\"https:\/\/www.europesays.com\/pt\/wp-content\/uploads\/2025\/08\/ods_3.png\" width=\"50\" height=\"50\" alt=\"Sa\u00fade e bem-estar\"\/><\/a>\n                        <\/li>\n<\/ul>\n<p>\n                          Foto Divulga\u00e7\u00e3o\n                        <\/p>\n<p>                          <img loading=\"lazy\" decoding=\"async\" src=\"https:\/\/www.europesays.com\/pt\/wp-content\/uploads\/2025\/12\/1766092159_395_normal@2x.jpg\" width=\"700\" height=\"933\" alt=\"UBS de Santa Lu\u00edza promove a\u00e7\u00e3o de conscientiza\u00e7\u00e3o sobre ISTs em feira livre\" class=\"img-rounded img-responsive sombreado\"\/><\/p>\n<p>\n                          A\u00e7\u00e3o de conscientiza\u00e7\u00e3o sobre ISTs em feira livre de Jardim da Penha.\n                        <\/p>\n<p>\n                          Foto Divulga\u00e7\u00e3o\n                        <\/p>\n<p>                          <img loading=\"lazy\" decoding=\"async\" src=\"https:\/\/www.europesays.com\/pt\/wp-content\/uploads\/2025\/12\/1766092162_106_normal@2x.jpg\" width=\"700\" height=\"933\" alt=\"UBS de Santa Lu\u00edza promove a\u00e7\u00e3o de conscientiza\u00e7\u00e3o sobre ISTs em feira livre\" class=\"img-rounded img-responsive sombreado\"\/><\/p>\n<p>\n                          A\u00e7\u00e3o de conscientiza\u00e7\u00e3o sobre ISTs em feira livre de Jardim da Penha.\n                        <\/p>\n<p>\n                      As atividades do Dezembro Vermelho, m\u00eas dedicado \u00e0 conscientiza\u00e7\u00e3o e mobiliza\u00e7\u00e3o sobre o HIV e outras Infec\u00e7\u00f5es Sexualmente Transmiss\u00edveis (ISTs), segu\u00e9m a todo vapor na capital. A equipe da Unidade de Sa\u00fade de Santa Lu\u00edza realizou, nesta quinta-feira (18), uma a\u00e7\u00e3o de conscientiza\u00e7\u00e3o na feira livre da Praia do Canto, em Vit\u00f3ria.\n                    <\/p>\n<p>\n                      A iniciativa tem como objetivo orientar a popula\u00e7\u00e3o sobre as formas de preven\u00e7\u00e3o das Infec\u00e7\u00f5es Sexualmente Transmiss\u00edveis (ISTs), por meio de abordagens educativas e informativas.\n                    <\/p>\n<p>\n                      Durante a a\u00e7\u00e3o, moradores e feirantes receberam orienta\u00e7\u00f5es sobre a import\u00e2ncia do uso de preservativos, a disponibilidade de testagem r\u00e1pida na Unidade, realizada com acolhimento e sigilo, al\u00e9m do diagn\u00f3stico precoce como estrat\u00e9gia para o cuidado em sa\u00fade e a redu\u00e7\u00e3o do estigma relacionado \u00e0s ISTs.\n                    <\/p>\n<p>\n                      Os profissionais de sa\u00fade tamb\u00e9m promoveram atividades educativas voltadas \u00e0 sa\u00fade bucal, com orienta\u00e7\u00f5es sobre a preven\u00e7\u00e3o de c\u00e1ries e doen\u00e7as periodontais, higiene oral adequada, bem como informa\u00e7\u00f5es sobre a import\u00e2ncia da pr\u00e1tica regular de atividade f\u00edsica para a preven\u00e7\u00e3o de doen\u00e7as e a ado\u00e7\u00e3o de h\u00e1bitos de vida saud\u00e1veis.\n                    <\/p>\n<p>\n                      A programa\u00e7\u00e3o incluiu ainda a distribui\u00e7\u00e3o de panfletos informativos com dicas de alimenta\u00e7\u00e3o saud\u00e1vel, orienta\u00e7\u00f5es sobre a preven\u00e7\u00e3o das ISTs e a entrega de kits de sa\u00fade bucal.\n                    <\/p>\n<p>\n                      A diretora da US de Santa Lu\u00edza, Kamilla Lacerda, refor\u00e7a a import\u00e2ncia da a\u00e7\u00e3o e o papel da unidade na promo\u00e7\u00e3o da sa\u00fade junto \u00e0 comunidade. &#8220;Essa iniciativa aproxima a UBS da popula\u00e7\u00e3o, levando informa\u00e7\u00e3o de qualidade, promovendo a preven\u00e7\u00e3o de doen\u00e7as e incentivando o autocuidado. Em per\u00edodos estrat\u00e9gicos como o Dezembro Vermelho, a\u00e7\u00f5es como essa ampliam o acesso \u00e0 informa\u00e7\u00e3o, ao diagn\u00f3stico precoce e aos servi\u00e7os de sa\u00fade&#8221;, destacou.\n                    <\/p>\n","protected":false},"excerpt":{"rendered":"Dezembro Vermelho: Unidade de Sa\u00fade de Santa Lu\u00edza promove a\u00e7\u00e3o de conscientiza\u00e7\u00e3o sobre ISTs Foto Divulga\u00e7\u00e3o A\u00e7\u00e3o de&hellip;\n","protected":false},"author":2,"featured_media":31228,"comment_status":"","ping_status":"","sticky":false,"template":"","format":"standard","meta":{"footnotes":""},"categories":[86],"tags":[116,2052,27056,32,33,38869,117,1698],"class_list":{"0":"post-193856","1":"post","2":"type-post","3":"status-publish","4":"format-standard","5":"has-post-thumbnail","7":"category-saude","8":"tag-health","9":"tag-ist","10":"tag-pmv","11":"tag-portugal","12":"tag-pt","13":"tag-santa-luiza","14":"tag-saude","15":"tag-vitoria"},"share_on_mastodon":{"url":"https:\/\/pubeurope.com\/@pt\/115742622829372731","error":""},"_links":{"self":[{"href":"https:\/\/www.europesays.com\/pt\/wp-json\/wp\/v2\/posts\/193856","targetHints":{"allow":["GET"]}}],"collection":[{"href":"https:\/\/www.europesays.com\/pt\/wp-json\/wp\/v2\/posts"}],"about":[{"href":"https:\/\/www.europesays.com\/pt\/wp-json\/wp\/v2\/types\/post"}],"author":[{"embeddable":true,"href":"https:\/\/www.europesays.com\/pt\/wp-json\/wp\/v2\/users\/2"}],"replies":[{"embeddable":true,"href":"https:\/\/www.europesays.com\/pt\/wp-json\/wp\/v2\/comments?post=193856"}],"version-history":[{"count":0,"href":"https:\/\/www.europesays.com\/pt\/wp-json\/wp\/v2\/posts\/193856\/revisions"}],"wp:featuredmedia":[{"embeddable":true,"href":"https:\/\/www.europesays.com\/pt\/wp-json\/wp\/v2\/media\/31228"}],"wp:attachment":[{"href":"https:\/\/www.europesays.com\/pt\/wp-json\/wp\/v2\/media?parent=193856"}],"wp:term":[{"taxonomy":"category","embeddable":true,"href":"https:\/\/www.europesays.com\/pt\/wp-json\/wp\/v2\/categories?post=193856"},{"taxonomy":"post_tag","embeddable":true,"href":"https:\/\/www.europesays.com\/pt\/wp-json\/wp\/v2\/tags?post=193856"}],"curies":[{"name":"wp","href":"https:\/\/api.w.org\/{rel}","templated":true}]}}