{"id":193865,"date":"2025-12-18T21:22:08","date_gmt":"2025-12-18T21:22:08","guid":{"rendered":"https:\/\/www.europesays.com\/pt\/193865\/"},"modified":"2025-12-18T21:22:08","modified_gmt":"2025-12-18T21:22:08","slug":"diretor-executivo-de-criacao-clube-de-criacao","status":"publish","type":"post","link":"https:\/\/www.europesays.com\/pt\/193865\/","title":{"rendered":"Diretor Executivo de Cria\u00e7\u00e3o &#8211; Clube de Cria\u00e7\u00e3o"},"content":{"rendered":"<p>Heitor Caetano agora \u00e9 Gana+OJU<\/p>\n<p>\n\t\t\t\t18\/12\/2025\n\t\t\t<\/p>\n<p>\t\t\t\t<img loading=\"lazy\" decoding=\"async\" src=\"https:\/\/clubedecriacao.com.br\/wp-content\/themes\/clube-criacao-1.0\/images\/icon-time.svg\" alt=\"\u00cdcone\" width=\"20\" height=\"20\"\/><br \/>\n\t\t\t\t2 min.<\/p>\n<p>\t\t\tCompartilhe essa not\u00edcia:<br \/>\n\t\t\t<a href=\"#\" class=\"btn-copiar\"><br \/>\n\t\t\t\tCopiar link<br \/>\n\t\t\t\t<img loading=\"lazy\" decoding=\"async\" src=\"https:\/\/clubedecriacao.com.br\/wp-content\/themes\/clube-criacao-1.0\/images\/icon-link.svg\" alt=\"\u00cdcone\" width=\"20\" height=\"20\"\/><br \/>\n\t\t\t<\/a><\/p>\n<p dir=\"ltr\">A <strong>Gana<\/strong> anuncia a chegada de <strong>Heitor Caetano<\/strong> como <strong>diretor executivo de cria\u00e7\u00e3o.<\/strong><\/p>\n<p dir=\"ltr\">A inten\u00e7\u00e3o \u00e9 refor\u00e7ar a <strong>integra\u00e7\u00e3o entre cria\u00e7\u00e3o, conte\u00fado e inova\u00e7\u00e3o,<\/strong> objetivo que guia este novo ciclo da ag\u00eancia, que tamb\u00e9m inclui a OJU (frente de conte\u00fado e inova\u00e7\u00e3o).<\/p>\n<p dir=\"ltr\">\u201cSempre admirei o trabalho e prop\u00f3sito da Gana e da OJU, a forma como se complementam. Contribuir com a cria\u00e7\u00e3o de narrativas que abracem todos os tipos de exist\u00eancia sempre foi um norteador do meu trabalho. Al\u00e9m de acreditar em uma criatividade potencializada pela inova\u00e7\u00e3o e repert\u00f3rio humano. Por esses e tantos outros motivos, estou muito feliz em fazer parte desse time\u201d, destaca Heitor, que \u00e9 tamb\u00e9m co-presidente do<strong> Clube de Cria\u00e7\u00e3o.<\/strong><\/p>\n<p dir=\"ltr\">\u201cA chegada do Heitor consolida uma vis\u00e3o de ecossistema que n\u00e3o separa cria\u00e7\u00e3o de inova\u00e7\u00e3o. Ele traz uma leitura muito sens\u00edvel da cultura e das linguagens contempor\u00e2neas, e isso nos ajuda a desenhar ideias que nascem com prop\u00f3sito, mas tamb\u00e9m com formato, com ritmo e com impacto real. Nosso foco \u00e9 expandir o poder criativo da Gana e da OJU, conectando o que vem da rua, do digital e das novas narrativas culturais\u201d, completa <strong>Inaiara Flor\u00eancio<\/strong>, fundadora e CEO da OJU e s\u00f3cia e CSO da Gana, al\u00e9m de ser tamb\u00e9m copresidente do<strong> Clube.<\/strong><\/p>\n<p dir=\"ltr\">Heitor \u00e9 ex-DPZ, dentre outras ag\u00eancias, e tamb\u00e9m atuou como diretor criativo e de diversidade na Surreal Hotel Arts.<\/p>\n","protected":false},"excerpt":{"rendered":"Heitor Caetano agora \u00e9 Gana+OJU 18\/12\/2025 2 min. Compartilhe essa not\u00edcia: Copiar link A Gana anuncia a chegada&hellip;\n","protected":false},"author":2,"featured_media":193866,"comment_status":"","ping_status":"","sticky":false,"template":"","format":"standard","meta":{"footnotes":""},"categories":[144],"tags":[207,205,206,203,201,202,204,114,115,32,33],"class_list":{"0":"post-193865","1":"post","2":"type-post","3":"status-publish","4":"format-standard","5":"has-post-thumbnail","7":"category-arte-e-design","8":"tag-arte","9":"tag-arte-e-design","10":"tag-artedesign","11":"tag-arts","12":"tag-arts-and-design","13":"tag-artsanddesign","14":"tag-design","15":"tag-entertainment","16":"tag-entretenimento","17":"tag-portugal","18":"tag-pt"},"share_on_mastodon":{"url":"https:\/\/pubeurope.com\/@pt\/115742674382248800","error":""},"_links":{"self":[{"href":"https:\/\/www.europesays.com\/pt\/wp-json\/wp\/v2\/posts\/193865","targetHints":{"allow":["GET"]}}],"collection":[{"href":"https:\/\/www.europesays.com\/pt\/wp-json\/wp\/v2\/posts"}],"about":[{"href":"https:\/\/www.europesays.com\/pt\/wp-json\/wp\/v2\/types\/post"}],"author":[{"embeddable":true,"href":"https:\/\/www.europesays.com\/pt\/wp-json\/wp\/v2\/users\/2"}],"replies":[{"embeddable":true,"href":"https:\/\/www.europesays.com\/pt\/wp-json\/wp\/v2\/comments?post=193865"}],"version-history":[{"count":0,"href":"https:\/\/www.europesays.com\/pt\/wp-json\/wp\/v2\/posts\/193865\/revisions"}],"wp:featuredmedia":[{"embeddable":true,"href":"https:\/\/www.europesays.com\/pt\/wp-json\/wp\/v2\/media\/193866"}],"wp:attachment":[{"href":"https:\/\/www.europesays.com\/pt\/wp-json\/wp\/v2\/media?parent=193865"}],"wp:term":[{"taxonomy":"category","embeddable":true,"href":"https:\/\/www.europesays.com\/pt\/wp-json\/wp\/v2\/categories?post=193865"},{"taxonomy":"post_tag","embeddable":true,"href":"https:\/\/www.europesays.com\/pt\/wp-json\/wp\/v2\/tags?post=193865"}],"curies":[{"name":"wp","href":"https:\/\/api.w.org\/{rel}","templated":true}]}}