{"id":193888,"date":"2025-12-18T21:40:10","date_gmt":"2025-12-18T21:40:10","guid":{"rendered":"https:\/\/www.europesays.com\/pt\/193888\/"},"modified":"2025-12-18T21:40:10","modified_gmt":"2025-12-18T21:40:10","slug":"motorista-privada-diana-lopes-revela-teoria-hilariante-sobre-relacao-de-liliana-e-fabio-secret-story","status":"publish","type":"post","link":"https:\/\/www.europesays.com\/pt\/193888\/","title":{"rendered":"\u00abMotorista privada\u00bb: Diana Lopes revela teoria hilariante sobre rela\u00e7\u00e3o de Liliana e F\u00e1bio &#8211; Secret Story"},"content":{"rendered":"<p style=\"margin-bottom:11px\">\u00a0No \u00daltima Hora do Secret Story 9, o tema da rela\u00e7\u00e3o de Liliana e F\u00e1bio veio para cima da mesa. Os comentadores deram o seu pr\u00f3prio parecer sobre a rela\u00e7\u00e3o. Diana Lopes acabou por admitir que o F\u00e1bio j\u00e1 \u201cn\u00e3o precisa&#8221; da Liliana para jogar. Veja a teoria hilariante da comentadora.<\/p>\n<p><strong>J\u00e1 pode votar para salvar o seu concorrente favorito. Vote atrav\u00e9s da App TVI Reality ou das linhas telef\u00f3nicas.<\/strong><\/p>\n<p>VOTA\u00c7\u00c3O PARA SALVAR:<\/p>\n<p>F\u00c1BIO \u2013 761 20 20 08<\/p>\n<p>IN\u00caS \u2013 761 20 20 10<\/p>\n<p>PEDRO \u2013 761 20 20 18<\/p>\n<p><a href=\"https:\/\/tvi.iol.pt\/secretstory\/aominuto\" wbo-id=\"32\" rel=\"nofollow noopener\" target=\"_blank\">Acompanhe ao minuto, tudo o que se passa dentro da casa mais vigiada do Pa\u00eds.<\/a><\/p>\n","protected":false},"excerpt":{"rendered":"\u00a0No \u00daltima Hora do Secret Story 9, o tema da rela\u00e7\u00e3o de Liliana e F\u00e1bio veio para cima&hellip;\n","protected":false},"author":2,"featured_media":193889,"comment_status":"","ping_status":"","sticky":false,"template":"","format":"standard","meta":{"footnotes":""},"categories":[142],"tags":[19230,19231,558,114,115,19082,19016,19229,32,33,151],"class_list":{"0":"post-193888","1":"post","2":"type-post","3":"status-publish","4":"format-standard","5":"has-post-thumbnail","7":"category-tv","8":"tag-analises-tvi","9":"tag-debates-casa-dos-segredos","10":"tag-diana-lopes","11":"tag-entertainment","12":"tag-entretenimento","13":"tag-fabio","14":"tag-liliana","15":"tag-opiniao-comentadores","16":"tag-portugal","17":"tag-pt","18":"tag-tv"},"share_on_mastodon":{"url":"https:\/\/pubeurope.com\/@pt\/115742744458936821","error":""},"_links":{"self":[{"href":"https:\/\/www.europesays.com\/pt\/wp-json\/wp\/v2\/posts\/193888","targetHints":{"allow":["GET"]}}],"collection":[{"href":"https:\/\/www.europesays.com\/pt\/wp-json\/wp\/v2\/posts"}],"about":[{"href":"https:\/\/www.europesays.com\/pt\/wp-json\/wp\/v2\/types\/post"}],"author":[{"embeddable":true,"href":"https:\/\/www.europesays.com\/pt\/wp-json\/wp\/v2\/users\/2"}],"replies":[{"embeddable":true,"href":"https:\/\/www.europesays.com\/pt\/wp-json\/wp\/v2\/comments?post=193888"}],"version-history":[{"count":0,"href":"https:\/\/www.europesays.com\/pt\/wp-json\/wp\/v2\/posts\/193888\/revisions"}],"wp:featuredmedia":[{"embeddable":true,"href":"https:\/\/www.europesays.com\/pt\/wp-json\/wp\/v2\/media\/193889"}],"wp:attachment":[{"href":"https:\/\/www.europesays.com\/pt\/wp-json\/wp\/v2\/media?parent=193888"}],"wp:term":[{"taxonomy":"category","embeddable":true,"href":"https:\/\/www.europesays.com\/pt\/wp-json\/wp\/v2\/categories?post=193888"},{"taxonomy":"post_tag","embeddable":true,"href":"https:\/\/www.europesays.com\/pt\/wp-json\/wp\/v2\/tags?post=193888"}],"curies":[{"name":"wp","href":"https:\/\/api.w.org\/{rel}","templated":true}]}}