{"id":193907,"date":"2025-12-18T21:58:09","date_gmt":"2025-12-18T21:58:09","guid":{"rendered":"https:\/\/www.europesays.com\/pt\/193907\/"},"modified":"2025-12-18T21:58:09","modified_gmt":"2025-12-18T21:58:09","slug":"lobo-lex-luthor-e-arlequina-devem-entrar-para-a-liga-da-justica-em-2026","status":"publish","type":"post","link":"https:\/\/www.europesays.com\/pt\/193907\/","title":{"rendered":"Lobo, Lex Luthor e Arlequina devem entrar para a Liga da Justi\u00e7a em 2026"},"content":{"rendered":"<p class=\"wp-block-yoast-seo-estimated-reading-time yoast-reading-time__wrapper\">Estimated reading time: 2 minutos<\/p>\n<p>A <a href=\"https:\/\/ovicio.com.br\/tag\/DC-Comics\/\" target=\"_blank\" rel=\"noreferrer noopener nofollow\">DC Comics<\/a> est\u00e1 preparando um grande arco de uni\u00e3o entre her\u00f3is e vil\u00f5es na <a href=\"https:\/\/ovicio.com.br\/tag\/Liga-da-Justica\/\" target=\"_blank\" rel=\"noreferrer noopener nofollow\">Liga da Justi\u00e7a<\/a>, e isso deve culminar com <a href=\"https:\/\/ovicio.com.br\/tag\/Lobo\/\" target=\"_blank\" rel=\"noreferrer noopener nofollow\">Lobo<\/a> e <a href=\"https:\/\/ovicio.com.br\/tag\/Lex-Luthor\/\" target=\"_blank\" rel=\"noreferrer noopener nofollow\">Lex Luthor<\/a> entrando para o grupo.<\/p>\n<p>Em mar\u00e7o de 2026, ap\u00f3s o<strong> DC K.O.<\/strong>, a t\u00edtulo<strong> Liga da Justi\u00e7a Sem Limites<\/strong> passar\u00e1 por uma nova fase de recrutamento.<\/p>\n<p>Junto aos <strong>Lobo <\/strong>e <strong>Lex<\/strong>, nomes como <strong>Tubar\u00e3o-Rei<\/strong>, <strong>Arlequina <\/strong>e <strong>Starro <\/strong>parecem estar prontos para uma colabora\u00e7\u00e3o entre vil\u00f5es e her\u00f3is. Veja:<\/p>\n<p><img fetchpriority=\"high\" decoding=\"async\" width=\"673\" height=\"1024\" src=\"https:\/\/www.europesays.com\/pt\/wp-content\/uploads\/2025\/12\/20251218-image-26-673x1024.png\" alt=\"\" class=\"lazyload wp-image-876429\"  data-\/>Reprodu\u00e7\u00e3o\/DC Comics<\/p>\n<p>Essa nova fase vai come\u00e7ar em <strong>Liga da Justi\u00e7a Sem Limites #17<\/strong>, que ser\u00e1 publicada em 25 de mar\u00e7o nos Estados Unidos. <strong>Mark Waid<\/strong> e <strong>Dan Mora <\/strong>formam a equipe criativa.<\/p>\n<p>Leia tamb\u00e9m sobre Liga da Justi\u00e7a<\/p>\n<p><strong>Fonte: <\/strong><a href=\"https:\/\/bleedingcool.com\/comics\/lobo-and-lex-luthor-to-join-justice-league-unlimited-in-2026\/\" target=\"_blank\" rel=\"noreferrer noopener nofollow\">Bleeding Cool<\/a><\/p>\n","protected":false},"excerpt":{"rendered":"Estimated reading time: 2 minutos A DC Comics est\u00e1 preparando um grande arco de uni\u00e3o entre her\u00f3is e&hellip;\n","protected":false},"author":2,"featured_media":193908,"comment_status":"","ping_status":"","sticky":false,"template":"","format":"standard","meta":{"footnotes":""},"categories":[140],"tags":[38873,2670,114,115,147,148,22222,12978,15714,38874,146,32,33],"class_list":{"0":"post-193907","1":"post","2":"type-post","3":"status-publish","4":"format-standard","5":"has-post-thumbnail","7":"category-filmes","8":"tag-dan-mora","9":"tag-dc-comics","10":"tag-entertainment","11":"tag-entretenimento","12":"tag-film","13":"tag-filmes","14":"tag-lex-luthor","15":"tag-liga-da-justica","16":"tag-lobo","17":"tag-mark-waid","18":"tag-movies","19":"tag-portugal","20":"tag-pt"},"share_on_mastodon":{"url":"https:\/\/pubeurope.com\/@pt\/115742815872423013","error":""},"_links":{"self":[{"href":"https:\/\/www.europesays.com\/pt\/wp-json\/wp\/v2\/posts\/193907","targetHints":{"allow":["GET"]}}],"collection":[{"href":"https:\/\/www.europesays.com\/pt\/wp-json\/wp\/v2\/posts"}],"about":[{"href":"https:\/\/www.europesays.com\/pt\/wp-json\/wp\/v2\/types\/post"}],"author":[{"embeddable":true,"href":"https:\/\/www.europesays.com\/pt\/wp-json\/wp\/v2\/users\/2"}],"replies":[{"embeddable":true,"href":"https:\/\/www.europesays.com\/pt\/wp-json\/wp\/v2\/comments?post=193907"}],"version-history":[{"count":0,"href":"https:\/\/www.europesays.com\/pt\/wp-json\/wp\/v2\/posts\/193907\/revisions"}],"wp:featuredmedia":[{"embeddable":true,"href":"https:\/\/www.europesays.com\/pt\/wp-json\/wp\/v2\/media\/193908"}],"wp:attachment":[{"href":"https:\/\/www.europesays.com\/pt\/wp-json\/wp\/v2\/media?parent=193907"}],"wp:term":[{"taxonomy":"category","embeddable":true,"href":"https:\/\/www.europesays.com\/pt\/wp-json\/wp\/v2\/categories?post=193907"},{"taxonomy":"post_tag","embeddable":true,"href":"https:\/\/www.europesays.com\/pt\/wp-json\/wp\/v2\/tags?post=193907"}],"curies":[{"name":"wp","href":"https:\/\/api.w.org\/{rel}","templated":true}]}}