{"id":193917,"date":"2025-12-18T22:05:10","date_gmt":"2025-12-18T22:05:10","guid":{"rendered":"https:\/\/www.europesays.com\/pt\/193917\/"},"modified":"2025-12-18T22:05:10","modified_gmt":"2025-12-18T22:05:10","slug":"os-postais-de-natal-de-cotrim-para-conquistar-os-mais-velhos-observador","status":"publish","type":"post","link":"https:\/\/www.europesays.com\/pt\/193917\/","title":{"rendered":"Os postais de Natal de Cotrim para conquistar os mais velhos \u2013 Observador"},"content":{"rendered":"<p>No postal enviado por Cotrim dirige-se aos \u201cmeus amigos\u201d e recorda: \u201cEsta \u00e9 a \u00e9poca do ano em que pais e av\u00f3s, como eu, partilham sorrisos e rabanadas com os netos que j\u00e1 s\u00f3 voltam pelo Natal. Porque o Natal \u00e9 <strong>tempo de esperan\u00e7a<\/strong>, acreditamos em construir um Portugal melhor\u201d \u2014 apelando \u00e0 emo\u00e7\u00e3o dos mais idosos, que veem os netos a partir para trabalhar no estrangeiro e com quem apenas est\u00e3o na \u00e9poca natal\u00edcia.<\/p>\n<p>\u201cUm pa\u00eds em que os <strong>mais novos n\u00e3o partem<\/strong>, a sa\u00fade funciona e a Seguran\u00e7a Social apoia quem realmente precisa\u201d, escreve, somando dois assuntos fundamentais para a faixa et\u00e1ria mais idosa. No fim, a assinatura com aquela que tem sido uma das ideias da campanha eleitoral para Bel\u00e9m: \u201cDo Presidente da esperan\u00e7a.\u201d<\/p>\n<p>Questionada pelo Observador, fonte da campanha de Jo\u00e3o Cotrim Figueiredo confirmou que foram enviados <strong>meio milh\u00e3o de postais<\/strong> para concelhos e freguesias em que o candidato presidencial ambiciona crescer, com foco num eleitorado n\u00e3o urbano e idoso \u2014 tendo em conta os n\u00fameros das sondagens conhecidas at\u00e9 este momento.<\/p>\n<p>Jo\u00e3o Cotrim Figueiredo tem surgido em v\u00e1rias sondagens taco a taco com os quatro advers\u00e1rios que podem passar \u00e0 segunda volta das elei\u00e7\u00f5es presidenciais, independentemente de quem vai surgindo na frente. Embalado pelas sondagens, o ex-presidente liberal vai jogando em v\u00e1rios terrenos, n\u00e3o s\u00f3 tenta apostar nos idosos \u2014 como fez com os postais \u2014, como tem <a href=\"https:\/\/observador.pt\/especiais\/luta-presidencial-a-direita-cotrim-quer-seduzir-metade-do-psd-mendes-encosta-o-ao-estilo-do-chega\/\" rel=\"nofollow noopener\" target=\"_blank\">uma estrat\u00e9gia montada para chegar ao <strong>eleitorado da AD<\/strong><\/a>, tendo em conta que as sondagens mostram que Marques Mendes apenas alcan\u00e7a metade dos eleitores que votaram em Lu\u00eds Montenegro.<\/p>\n<p>Al\u00e9m do ataque que tem feito a Lu\u00eds Marques Mendes, o candidato liberal a Bel\u00e9m tem partilhado <strong>testemunhos de eleitores da AD<\/strong> que assumiram o voto em Cotrim e sempre que tem oportunidade assegura que \u00e9 o \u00fanico candidato capaz de alargar mais o campo pol\u00edtico de onde \u00e9 natural. Uma coisa \u00e9 certa, tendo em conta a ambi\u00e7\u00e3o de Cotrim, Mendes pode bem continuar a ser o <strong>alvo preferencial<\/strong> do ex-presidente da IL.<\/p>\n<blockquote class=\"wp-embedded-content\" data-secret=\"7DYW9FoyEo\">\n<p><a href=\"https:\/\/observador.pt\/especiais\/luta-presidencial-a-direita-cotrim-quer-seduzir-metade-do-psd-mendes-encosta-o-ao-estilo-do-chega\/\" rel=\"nofollow noopener\" target=\"_blank\">Luta presidencial \u00e0 direita. Cotrim quer seduzir \u201cmetade do PSD\u201d, Mendes encosta-o ao \u201cestilo\u201d do Chega<\/a><\/p>\n<\/blockquote>\n","protected":false},"excerpt":{"rendered":"No postal enviado por Cotrim dirige-se aos \u201cmeus amigos\u201d e recorda: \u201cEsta \u00e9 a \u00e9poca do ano em&hellip;\n","protected":false},"author":2,"featured_media":193918,"comment_status":"","ping_status":"","sticky":false,"template":"","format":"standard","meta":{"footnotes":""},"categories":[10],"tags":[27,28,1077,15,16,14,25,26,21,22,12,13,19,20,302,32,1076,23,24,33,17,18,29,30,31],"class_list":{"0":"post-193917","1":"post","2":"type-post","3":"status-publish","4":"format-standard","5":"has-post-thumbnail","7":"category-portugal","8":"tag-breaking-news","9":"tag-breakingnews","10":"tag-eleiu00e7u00f5es","11":"tag-featured-news","12":"tag-featurednews","13":"tag-headlines","14":"tag-latest-news","15":"tag-latestnews","16":"tag-main-news","17":"tag-mainnews","18":"tag-news","19":"tag-noticias","20":"tag-noticias-principais","21":"tag-noticiasprincipais","22":"tag-polu00edtica","23":"tag-portugal","24":"tag-presidenciais-2026","25":"tag-principais-noticias","26":"tag-principaisnoticias","27":"tag-pt","28":"tag-top-stories","29":"tag-topstories","30":"tag-ultimas","31":"tag-ultimas-noticias","32":"tag-ultimasnoticias"},"share_on_mastodon":{"url":"https:\/\/pubeurope.com\/@pt\/115742842911168235","error":""},"_links":{"self":[{"href":"https:\/\/www.europesays.com\/pt\/wp-json\/wp\/v2\/posts\/193917","targetHints":{"allow":["GET"]}}],"collection":[{"href":"https:\/\/www.europesays.com\/pt\/wp-json\/wp\/v2\/posts"}],"about":[{"href":"https:\/\/www.europesays.com\/pt\/wp-json\/wp\/v2\/types\/post"}],"author":[{"embeddable":true,"href":"https:\/\/www.europesays.com\/pt\/wp-json\/wp\/v2\/users\/2"}],"replies":[{"embeddable":true,"href":"https:\/\/www.europesays.com\/pt\/wp-json\/wp\/v2\/comments?post=193917"}],"version-history":[{"count":0,"href":"https:\/\/www.europesays.com\/pt\/wp-json\/wp\/v2\/posts\/193917\/revisions"}],"wp:featuredmedia":[{"embeddable":true,"href":"https:\/\/www.europesays.com\/pt\/wp-json\/wp\/v2\/media\/193918"}],"wp:attachment":[{"href":"https:\/\/www.europesays.com\/pt\/wp-json\/wp\/v2\/media?parent=193917"}],"wp:term":[{"taxonomy":"category","embeddable":true,"href":"https:\/\/www.europesays.com\/pt\/wp-json\/wp\/v2\/categories?post=193917"},{"taxonomy":"post_tag","embeddable":true,"href":"https:\/\/www.europesays.com\/pt\/wp-json\/wp\/v2\/tags?post=193917"}],"curies":[{"name":"wp","href":"https:\/\/api.w.org\/{rel}","templated":true}]}}