{"id":193939,"date":"2025-12-18T22:24:25","date_gmt":"2025-12-18T22:24:25","guid":{"rendered":"https:\/\/www.europesays.com\/pt\/193939\/"},"modified":"2025-12-18T22:24:25","modified_gmt":"2025-12-18T22:24:25","slug":"jessica-vieira-abre-o-coracao-o-natal-foi-perdendo-a-magia","status":"publish","type":"post","link":"https:\/\/www.europesays.com\/pt\/193939\/","title":{"rendered":"J\u00e9ssica Vieira abre o cora\u00e7\u00e3o: &#8220;O Natal foi perdendo a magia&#8221;"},"content":{"rendered":"<p>Estamos a poucos dias do Natal e J\u00e9ssica Vieira j\u00e1 decidiu como ser\u00e1 o dela. &#8220;Vai ser no Porto, com a fam\u00edlia&#8221;, responde a vencedora do &#8220;<a href=\"https:\/\/tvi.iol.pt\/bigbrother\/\" target=\"_blank\" rel=\"nofollow noopener\">Big Brother<\/a> Ver\u00e3o&#8221;, numa conversa exclusiva com a SELFIE.\u00a0<\/p>\n<p>&#8220;Sincera&#8221;, <a href=\"https:\/\/selfie.iol.pt\/famosos\/jessica-vieira\/jessica-vieira-confessa-as-vezes-ate-me-sinto-um-bocado-perdida-nao-romantizo-isto\/20251216\/69419a6ed34e2bd5c6d52e0e\" target=\"_blank\" rel=\"nofollow noopener\">J\u00e9ssica Vieira<\/a> n\u00e3o esconde, todavia, que j\u00e1 n\u00e3o olha para esta quadra festiva da mesma maneira. &#8220;O Natal foi perdendo a magia. Para mim, ainda faz sentido pelos meus irm\u00e3os e pelo resto da minha fam\u00edlia&#8221;, confidencia &#8220;a mais velha&#8221; dos irm\u00e3os, que sempre sentiu &#8220;aquele peso da m\u00e3e n\u00famero dois&#8221;.<\/p>\n<p>&#8220;O saborzinho do Natal j\u00e1 n\u00e3o me \u00e9 igual. Mas eu sou uma felizarda, porque a mesa continua cheia, por isso, n\u00e3o posso mesmo reclamar&#8221;, deixa ainda claro a ex-concorrente do reality show da <a href=\"https:\/\/tvi.iol.pt\/\" target=\"_blank\" rel=\"nofollow noopener\">TVI<\/a>.<\/p>\n<p>Veja, agora, nas galerias que prepar\u00e1mos para si, as melhores imagens de\u00a0<a href=\"https:\/\/selfie.iol.pt\/famosos\/casa-dos-segredos\/jessica-vieira-passa-por-mudanca-lindissima-no-corpo-estas-sao-as-primeiras-imagens\/20251122\/692181a3d34e3caad84b90a4\" target=\"_blank\" rel=\"nofollow noopener\">J\u00e9ssica Vieira<\/a>.<\/p>\n","protected":false},"excerpt":{"rendered":"Estamos a poucos dias do Natal e J\u00e9ssica Vieira j\u00e1 decidiu como ser\u00e1 o dela. &#8220;Vai ser no&hellip;\n","protected":false},"author":2,"featured_media":193940,"comment_status":"","ping_status":"","sticky":false,"template":"","format":"standard","meta":{"footnotes":""},"categories":[142],"tags":[6308,48,1170,114,115,741,4763,980,1417,619,7561,32,33,1014,1012,151,162],"class_list":{"0":"post-193939","1":"post","2":"type-post","3":"status-publish","4":"format-standard","5":"has-post-thumbnail","7":"category-tv","8":"tag-bb","9":"tag-big-brother","10":"tag-big-brother-verao","11":"tag-entertainment","12":"tag-entretenimento","13":"tag-entrevista","14":"tag-exclusivo","15":"tag-famosos","16":"tag-jessica-vieira","17":"tag-nacional","18":"tag-natal","19":"tag-portugal","20":"tag-pt","21":"tag-reality-show","22":"tag-selfie","23":"tag-tv","24":"tag-tvi"},"share_on_mastodon":{"url":"https:\/\/pubeurope.com\/@pt\/115742917456816392","error":""},"_links":{"self":[{"href":"https:\/\/www.europesays.com\/pt\/wp-json\/wp\/v2\/posts\/193939","targetHints":{"allow":["GET"]}}],"collection":[{"href":"https:\/\/www.europesays.com\/pt\/wp-json\/wp\/v2\/posts"}],"about":[{"href":"https:\/\/www.europesays.com\/pt\/wp-json\/wp\/v2\/types\/post"}],"author":[{"embeddable":true,"href":"https:\/\/www.europesays.com\/pt\/wp-json\/wp\/v2\/users\/2"}],"replies":[{"embeddable":true,"href":"https:\/\/www.europesays.com\/pt\/wp-json\/wp\/v2\/comments?post=193939"}],"version-history":[{"count":0,"href":"https:\/\/www.europesays.com\/pt\/wp-json\/wp\/v2\/posts\/193939\/revisions"}],"wp:featuredmedia":[{"embeddable":true,"href":"https:\/\/www.europesays.com\/pt\/wp-json\/wp\/v2\/media\/193940"}],"wp:attachment":[{"href":"https:\/\/www.europesays.com\/pt\/wp-json\/wp\/v2\/media?parent=193939"}],"wp:term":[{"taxonomy":"category","embeddable":true,"href":"https:\/\/www.europesays.com\/pt\/wp-json\/wp\/v2\/categories?post=193939"},{"taxonomy":"post_tag","embeddable":true,"href":"https:\/\/www.europesays.com\/pt\/wp-json\/wp\/v2\/tags?post=193939"}],"curies":[{"name":"wp","href":"https:\/\/api.w.org\/{rel}","templated":true}]}}