{"id":193958,"date":"2025-12-18T22:41:07","date_gmt":"2025-12-18T22:41:07","guid":{"rendered":"https:\/\/www.europesays.com\/pt\/193958\/"},"modified":"2025-12-18T22:41:07","modified_gmt":"2025-12-18T22:41:07","slug":"com-o-agente-secreto-barack-obama-lista-seus-11-filmes-favoritos-de-2025","status":"publish","type":"post","link":"https:\/\/www.europesays.com\/pt\/193958\/","title":{"rendered":"Com O Agente Secreto, Barack Obama lista seus 11 filmes favoritos de 2025"},"content":{"rendered":"<p class=\"wp-block-yoast-seo-estimated-reading-time yoast-reading-time__wrapper\">Estimated reading time: 2 minutos<\/p>\n<p>Grande cin\u00e9filo, o ex-presidente dos Estados Unidos, <a href=\"https:\/\/ovicio.com.br\/tag\/Barack-Obama\/\" target=\"_blank\" rel=\"noreferrer noopener nofollow\">Barack Obama<\/a> publicou a sua tradicional lista de filmes favoritos do ano, com o brasileiro <a href=\"https:\/\/ovicio.com.br\/filme\/o-agente-secreto\/\" target=\"_blank\" rel=\"noreferrer noopener nofollow\">O Agente Secreto (2025)<\/a>\u00a0nela.<\/p>\n<p><strong>Obama<\/strong> \u00e9 um grande f\u00e3 de <strong>Kleber Mendon\u00e7a Filho<\/strong>. N\u00e3o \u00e9 a primeira vez que um filme do diretor pernambucano aparece na lista de favoritos do ex-presidente. <strong>Bacurau (2020)<\/strong>, que <strong>Kleber <\/strong>dirigiu com <strong>Juliano Dornelles<\/strong>, esteve l\u00e1 em 2020. Confira a lista de 2025:<\/p>\n<ul class=\"wp-block-list\">\n<li><strong>Uma Batalha Ap\u00f3s a Outra (2025)<\/strong><\/li>\n<li><strong>Pecadores (2025)<\/strong><\/li>\n<li><strong>Foi Apenas Um Acidente (2025)<\/strong><\/li>\n<li><strong>Hamnet (2025)<\/strong><\/li>\n<li><strong>Valor Sentimental (2025)<\/strong><\/li>\n<li><strong>A \u00danica Sa\u00edda (2025)<\/strong><\/li>\n<li><strong>O Agente Secreto (2025)<\/strong><\/li>\n<li><strong>Sonhos de Trem (2025)<\/strong><\/li>\n<li><strong>Jay Kelly (2025)<\/strong><\/li>\n<li><strong>Quando o C\u00e9u se Engana (2025)<\/strong><\/li>\n<li><strong>Orwell: 2+2=5 (2025)<\/strong><\/li>\n<\/ul>\n<p>J\u00e1 em exibi\u00e7\u00e3o nos cinemas brasileiros, <strong>O Agente Secreto (2025)<\/strong> conta a hist\u00f3ria de um homem que sai de S\u00e3o Paulo para Recife em busca de paz, mas acaba sendo for\u00e7ado a continuar fugindo das sombras do seu passado.<\/p>\n<p>O longa est\u00e1 na pr\u00e9-lista do <strong>Oscar <\/strong>nas categorias de Melhor Filme Internacional e Melhor Diretor de Elenco.<\/p>\n<p>Leia tamb\u00e9m sobre O Agente Secreto:<\/p>\n<p><strong>Fonte:\u00a0<\/strong><a href=\"https:\/\/www.instagram.com\/p\/DSaxSRjjxdq\/?utm_source=ig_web_copy_link&amp;igsh=MzRlODBiNWFlZA==\" target=\"_blank\" rel=\"noreferrer noopener nofollow\">Obama<\/a><\/p>\n<p><script async src=\"\/\/www.instagram.com\/embed.js\"><\/script><\/p>\n","protected":false},"excerpt":{"rendered":"Estimated reading time: 2 minutos Grande cin\u00e9filo, o ex-presidente dos Estados Unidos, Barack Obama publicou a sua tradicional&hellip;\n","protected":false},"author":2,"featured_media":193959,"comment_status":"","ping_status":"","sticky":false,"template":"","format":"standard","meta":{"footnotes":""},"categories":[140],"tags":[38879,114,115,147,148,28478,32680,28479,23374,2153,36209,146,2158,1409,12350,7313,32,33,23760,28481,38880,12348],"class_list":{"0":"post-193958","1":"post","2":"type-post","3":"status-publish","4":"format-standard","5":"has-post-thumbnail","7":"category-filmes","8":"tag-alice-carvalho","9":"tag-entertainment","10":"tag-entretenimento","11":"tag-film","12":"tag-filmes","13":"tag-foi-apenas-um-acidente","14":"tag-gabriel-leone","15":"tag-hamnet","16":"tag-jay-kelly","17":"tag-kleber-mendonca-filho","18":"tag-maria-fernanda-candido","19":"tag-movies","20":"tag-o-agente-secreto","21":"tag-oscar","22":"tag-oscar-2026","23":"tag-pecadores","24":"tag-portugal","25":"tag-pt","26":"tag-quando-o-ceu-se-engana","27":"tag-valor-sentimental","28":"tag-vitrine-filmes","29":"tag-wagner-moura"},"share_on_mastodon":{"url":"https:\/\/pubeurope.com\/@pt\/115742984527385600","error":""},"_links":{"self":[{"href":"https:\/\/www.europesays.com\/pt\/wp-json\/wp\/v2\/posts\/193958","targetHints":{"allow":["GET"]}}],"collection":[{"href":"https:\/\/www.europesays.com\/pt\/wp-json\/wp\/v2\/posts"}],"about":[{"href":"https:\/\/www.europesays.com\/pt\/wp-json\/wp\/v2\/types\/post"}],"author":[{"embeddable":true,"href":"https:\/\/www.europesays.com\/pt\/wp-json\/wp\/v2\/users\/2"}],"replies":[{"embeddable":true,"href":"https:\/\/www.europesays.com\/pt\/wp-json\/wp\/v2\/comments?post=193958"}],"version-history":[{"count":0,"href":"https:\/\/www.europesays.com\/pt\/wp-json\/wp\/v2\/posts\/193958\/revisions"}],"wp:featuredmedia":[{"embeddable":true,"href":"https:\/\/www.europesays.com\/pt\/wp-json\/wp\/v2\/media\/193959"}],"wp:attachment":[{"href":"https:\/\/www.europesays.com\/pt\/wp-json\/wp\/v2\/media?parent=193958"}],"wp:term":[{"taxonomy":"category","embeddable":true,"href":"https:\/\/www.europesays.com\/pt\/wp-json\/wp\/v2\/categories?post=193958"},{"taxonomy":"post_tag","embeddable":true,"href":"https:\/\/www.europesays.com\/pt\/wp-json\/wp\/v2\/tags?post=193958"}],"curies":[{"name":"wp","href":"https:\/\/api.w.org\/{rel}","templated":true}]}}