{"id":193964,"date":"2025-12-18T22:46:49","date_gmt":"2025-12-18T22:46:49","guid":{"rendered":"https:\/\/www.europesays.com\/pt\/193964\/"},"modified":"2025-12-18T22:46:49","modified_gmt":"2025-12-18T22:46:49","slug":"a-comodidade-promovida-pela-ia-normaliza-uma-perigosa-preguica-intelectual-em-todos-nos","status":"publish","type":"post","link":"https:\/\/www.europesays.com\/pt\/193964\/","title":{"rendered":"A comodidade promovida pela IA normaliza uma perigosa pregui\u00e7a intelectual em todos n\u00f3s"},"content":{"rendered":"<p><img  loading=\"lazy\" class=\"lazy-load-img\"\/><\/p>\n<p>A atriz Laura Luf\u00e9si, que interpreta a pesquisadora Fl\u00e1via no filme &#8220;O Agente Secreto&#8221; &#8211;\u00a0Foto:  reprodu\u00e7\u00e3o<\/p>\n<p data-component-name=\"paragraph\" class=\"styles__ParagraphStyled-sc-6adecn-0 gsLklW  \">&#8220;Se algo n\u00e3o est\u00e1 no Google, ent\u00e3o n\u00e3o existe!&#8221; Admito: j\u00e1 fiz essa infame afirma\u00e7\u00e3o v\u00e1rias vezes.<\/p>\n<p>Ela representa o sucesso da narrativa da empresa de organizar todo o conhecimento da humanidade. Mas tamb\u00e9m indica como essa mesma humanidade aprendeu a confiar nas suas respostas sem questionar.<\/p>\n<p>\u00c9 perturbador como nos acostumamos a essa comodidade, mesmo que isso empobre\u00e7a as nossas pesquisas e o nosso senso cr\u00edtico. Agora, com a explos\u00e3o da intelig\u00eancia artificial e dos v\u00eddeos curtos, isso se agrava.<\/p>\n<p>Neste fim de semana, finalmente fui assistir a &#8220;O Agente Secreto&#8221;, estrelado por Wagner Moura. Entre tantos momentos geniais do filme, uma breve cena me chamou a aten\u00e7\u00e3o.<\/p>\n<p data-component-name=\"paragraph\" class=\"styles__ParagraphStyled-sc-6adecn-0 gsLklW  \">Apesar de a hist\u00f3ria se passar em 1977, em alguns momentos, h\u00e1 cortes para o nosso presente, mostrando duas pesquisadoras transcrevendo fitas de quase 50 anos atr\u00e1s. Uma delas, Fl\u00e1via, interpretada por Laura Luf\u00e9si, se interessa particularmente pela hist\u00f3ria de Armando, vivido por Wagner Moura.<\/p>\n<p data-component-name=\"paragraph\" class=\"styles__ParagraphStyled-sc-6adecn-0 gsLklW  \">Quando questiona a colega se ela tinha encontrado mais informa\u00e7\u00f5es sobre o desfecho daquele homem, a outra responde que n\u00e3o encontrou nada no Google, e que, portanto, havia desistido de procurar. Fl\u00e1via diz que ela precisava buscar em jornais, pois a informa\u00e7\u00e3o est\u00e1 neles. A colega encerra a conversa dizendo que isso &#8220;d\u00e1 muito trabalho&#8221;.<\/p>\n<p data-component-name=\"paragraph\" class=\"styles__ParagraphStyled-sc-6adecn-0 gsLklW  \">Pesquisar tornou-se &#8220;procurar no Google&#8221;, at\u00e9 informa\u00e7\u00f5es sens\u00edveis e dif\u00edceis de se encontrar. Se essa busca \u00e9 infrut\u00edfera, a pesquisa acaba ali.<\/p>\n<p data-component-name=\"paragraph\" class=\"styles__ParagraphStyled-sc-6adecn-0 gsLklW  \">Mas o Google, a despeito de seus melhores esfor\u00e7os, n\u00e3o sabe tudo. Esse comportamento, normalizado em nossas vidas, prejudica severamente o nosso acesso \u00e0 informa\u00e7\u00e3o e achata o nosso senso cr\u00edtico, pois deixamos de exercitar nossa capacidade de questionar e pesquisar al\u00e9m do \u00f3bvio.<\/p>\n<p data-component-name=\"paragraph\" class=\"styles__ParagraphStyled-sc-6adecn-0 gsLklW  \">Agora, com o pr\u00f3prio Google investindo pesadamente na IA, isso tende a piorar. Com o buscador, ainda precisamos nos dar ao trabalho de entrar em sites e elaborar nosso racioc\u00ednio. Com a IA, nem esse trabalho temos, pois o rob\u00f4 avalia as fontes, tira suas conclus\u00f5es, redige um texto convincente e nos empurra como uma verdade absoluta, mesmo sem garantias disso.<\/p>\n<p>Se isso prejudica a audi\u00eancia do maior buscador do mundo, a situa\u00e7\u00e3o fica dram\u00e1tica com os produtores de conte\u00fado que alimentam a pr\u00f3pria IA, entre eles sites de refer\u00eancia, publica\u00e7\u00f5es cient\u00edficas e os pr\u00f3prios ve\u00edculos de comunica\u00e7\u00e3o defendidos por Fl\u00e1via. As pessoas j\u00e1 os est\u00e3o consultando muito menos, confiando, sem qualquer reflex\u00e3o, no que o rob\u00f4 lhes entrega.<\/p>\n<p>J\u00e1 era muito ruim terceirizarmos para um algoritmo a nossa habilidade essencial de pesquisa. Agora come\u00e7amos a deixar para a m\u00e1quina a capacidade de raciocinar, questionar e concluir, algo que nos tornava \u00fanicos neste planeta.<\/p>\n<p>Do ponto de vista do comportamento dos usu\u00e1rios e do desenvolvimento irrespons\u00e1vel das big techs, n\u00e3o vejo como reverter esse quadro. Minha expectativa \u00e9 promover a necess\u00e1ria reflex\u00e3o para que a sociedade tente encontrar um caminho de resist\u00eancia.<\/p>\n<p data-component-name=\"paragraph\" class=\"styles__ParagraphStyled-sc-6adecn-0 gsLklW  \">N\u00e3o proponho, de forma alguma, evitar essa tecnologia fabulosa, mas sim us\u00e1-la com uma consci\u00eancia que est\u00e1 sendo enterrada. Se n\u00e3o resgatarmos o nosso desejo de manter o protagonismo intelectual neste planeta, sobrar\u00e1 muito pouco para n\u00f3s diante do avan\u00e7o da intelig\u00eancia simulada das m\u00e1quinas.<\/p>\n<p data-component-name=\"paragraph\" class=\"styles__ParagraphStyled-sc-6adecn-0 gsLklW  \"><strong>V\u00eddeo relacionado:<\/strong><\/p>\n<p data-component-name=\"paragraph\" class=\"styles__ParagraphStyled-sc-6adecn-0 gsLklW  \">\u00a0<\/p>\n","protected":false},"excerpt":{"rendered":"A atriz Laura Luf\u00e9si, que interpreta a pesquisadora Fl\u00e1via no filme &#8220;O Agente Secreto&#8221; &#8211;\u00a0Foto: reprodu\u00e7\u00e3o &#8220;Se algo&hellip;\n","protected":false},"author":2,"featured_media":193965,"comment_status":"","ping_status":"","sticky":false,"template":"","format":"standard","meta":{"footnotes":""},"categories":[84],"tags":[109,107,108,32,33,105,103,104,106,110],"class_list":{"0":"post-193964","1":"post","2":"type-post","3":"status-publish","4":"format-standard","5":"has-post-thumbnail","7":"category-ciencia-e-tecnologia","8":"tag-ciencia","9":"tag-ciencia-e-tecnologia","10":"tag-cienciaetecnologia","11":"tag-portugal","12":"tag-pt","13":"tag-science","14":"tag-science-and-technology","15":"tag-scienceandtechnology","16":"tag-technology","17":"tag-tecnologia"},"share_on_mastodon":{"url":"https:\/\/pubeurope.com\/@pt\/115743007898654683","error":""},"_links":{"self":[{"href":"https:\/\/www.europesays.com\/pt\/wp-json\/wp\/v2\/posts\/193964","targetHints":{"allow":["GET"]}}],"collection":[{"href":"https:\/\/www.europesays.com\/pt\/wp-json\/wp\/v2\/posts"}],"about":[{"href":"https:\/\/www.europesays.com\/pt\/wp-json\/wp\/v2\/types\/post"}],"author":[{"embeddable":true,"href":"https:\/\/www.europesays.com\/pt\/wp-json\/wp\/v2\/users\/2"}],"replies":[{"embeddable":true,"href":"https:\/\/www.europesays.com\/pt\/wp-json\/wp\/v2\/comments?post=193964"}],"version-history":[{"count":0,"href":"https:\/\/www.europesays.com\/pt\/wp-json\/wp\/v2\/posts\/193964\/revisions"}],"wp:featuredmedia":[{"embeddable":true,"href":"https:\/\/www.europesays.com\/pt\/wp-json\/wp\/v2\/media\/193965"}],"wp:attachment":[{"href":"https:\/\/www.europesays.com\/pt\/wp-json\/wp\/v2\/media?parent=193964"}],"wp:term":[{"taxonomy":"category","embeddable":true,"href":"https:\/\/www.europesays.com\/pt\/wp-json\/wp\/v2\/categories?post=193964"},{"taxonomy":"post_tag","embeddable":true,"href":"https:\/\/www.europesays.com\/pt\/wp-json\/wp\/v2\/tags?post=193964"}],"curies":[{"name":"wp","href":"https:\/\/api.w.org\/{rel}","templated":true}]}}