{"id":193968,"date":"2025-12-18T22:48:10","date_gmt":"2025-12-18T22:48:10","guid":{"rendered":"https:\/\/www.europesays.com\/pt\/193968\/"},"modified":"2025-12-18T22:48:10","modified_gmt":"2025-12-18T22:48:10","slug":"chefe-da-nato-exclui-adesao-da-ucrania-apesar-de-novo-apelo-de-zelensky","status":"publish","type":"post","link":"https:\/\/www.europesays.com\/pt\/193968\/","title":{"rendered":"Chefe da NATO exclui ades\u00e3o da Ucr\u00e2nia apesar de novo apelo de Zelensky"},"content":{"rendered":"<p>                Em confer\u00eancia de imprensa em Orzysz, no norte da Pol\u00f3nia, o secret\u00e1rio-geral da NATO afirmou que qualquer pa\u00eds do espa\u00e7o euro-atl\u00e2ntico pode solicitar a ades\u00e3o \u00e0 alian\u00e7a, conforme disposto no Tratado do Atl\u00e2ntico Norte, e lembrou que na cimeira de Washington do ano passado, \u201cos aliados concordaram que o caminho da Ucr\u00e2nia para a ades\u00e3o era irrevers\u00edvel\u201d.<\/p>\n<p>No entanto, Mark Rutte lembrou tamb\u00e9m que \u201ch\u00e1 um elemento pr\u00e1tico\u201d. <b>\u201cE o elemento pr\u00e1tico \u00e9 que, neste momento, alguns aliados est\u00e3o a dizer que n\u00e3o dar\u00e3o o seu consentimento e, portanto, n\u00e3o haver\u00e1 unanimidade para a entrada da Ucr\u00e2nia na NATO\u201d, disse, referindo-se a pa\u00edses como Hungria, Estados Unidos e Eslov\u00e1quia.<\/b><\/p>\n<p>Se o ingresso da Ucr\u00e2nia na NATO n\u00e3o for poss\u00edvel, <b>Rutte disse ser necess\u00e1rio encontrar uma f\u00f3rmula para prevenir que ocorra uma nova invas\u00e3o russa no futuro<\/b>, caso se alcance um acordo de paz que ponha termo \u00e0 guerra em curso desde fevereiro de 2022.\u00a0<\/p>\n<p>Para isso, o secret\u00e1rio-geral da Alian\u00e7a Atl\u00e2ntica delineou futuras garantias de seguran\u00e7a a tr\u00eas n\u00edveis, sendo o primeiro constitu\u00eddo pelas pr\u00f3prias for\u00e7as armadas ucranianas.<\/p>\n<p>Uma segunda camada de seguran\u00e7a seria a prote\u00e7\u00e3o conferida pela designada &#8220;coliga\u00e7\u00e3o de volunt\u00e1rios&#8221; ou &#8220;coliga\u00e7\u00e3o dos dispostos&#8221;, liderada pela Fran\u00e7a e pelo Reino Unido, que poder\u00e1 adotar a forma de uma for\u00e7a de paz.<\/p>\n<p>Um terceiro n\u00edvel implica os Estados Unidos, num formato que est\u00e1 a ser objeto de debate, segundo referiu.<br \/>&#13;<br \/>\n<b><br \/>&#13;<br \/>\n\u201cNeste momento, est\u00e3o em curso discuss\u00f5es sobre o que isso significaria exatamente e como seria esse pacote coletivo de garantias de seguran\u00e7a\u201d, explicou Rutte.<\/b><\/p>\n<p>Esta quinta-feira, o presidente ucraniano recusou renunciar \u00e0 ades\u00e3o do pa\u00eds \u00e0 NATO, como exige a R\u00fassia, lembrando que esse objetivo est\u00e1 consagrado na Constitui\u00e7\u00e3o da Ucr\u00e2nia.<br \/>&#13;<br \/>\n<b><br \/>&#13;<br \/>\n&#8220;<a href=\"https:\/\/www.rtp.pt\/noticias\/guerra-na-ucrania\/zelensky-volta-atras-e-lembra-que-adesao-a-nato-esta-na-constituicao-ucraniana_n1705198\" target=\"_blank\" rel=\"nofollow noopener\">N\u00e3o vou mudar a minha Constitui\u00e7\u00e3o<\/a> &#8211; que \u00e9 o que os ucranianos decidiram &#8211; s\u00f3 porque isso \u00e9 o que a R\u00fassia quer&#8221;<\/b>, disse o presidente ucraniano, numa confer\u00eancia de imprensa ap\u00f3s ter-se reunido com os l\u00edderes da Uni\u00e3o Europeia em Bruxelas.<\/p>\n<p>As declara\u00e7\u00f5es mostram uma mudan\u00e7a de opini\u00e3o da parte de Zelensky, que no passado domingo tinha admitido estar disposto a abdicar da ambi\u00e7\u00e3o de ades\u00e3o \u00e0 NATO em troca de fortes garantias de seguran\u00e7a do Ocidente.<\/p>\n<p>&#13;<br \/>\nApesar de continuar a considerar que as garantias de seguran\u00e7a s\u00e3o uma parte essencial de qualquer poss\u00edvel acordo de paz, o presidente ucraniano disse que as discuss\u00f5es corriam o risco de pressionar a Ucr\u00e2nia a negociar concess\u00f5es noutras \u00e1reas em troca destas garantias. Embora tenha reconhecido que n\u00e3o houve sugest\u00f5es diretas nesse sentido durante as negocia\u00e7\u00f5es, qualquer troca deste tipo por garantias de seguran\u00e7a era inaceit\u00e1vel para Kiev.&#13;\n<\/p>\n<p>&#13;<br \/>\nc\/ag\u00eancias&#13;<\/p>\n","protected":false},"excerpt":{"rendered":"Em confer\u00eancia de imprensa em Orzysz, no norte da Pol\u00f3nia, o secret\u00e1rio-geral da NATO afirmou que qualquer pa\u00eds&hellip;\n","protected":false},"author":2,"featured_media":193969,"comment_status":"","ping_status":"","sticky":false,"template":"","format":"standard","meta":{"footnotes":""},"categories":[50],"tags":[27,28,15,16,14,25,26,21,22,62,3400,12,13,19,20,23,24,839,32962,17,18,840,29,30,31,63,64,65,3814],"class_list":{"0":"post-193968","1":"post","2":"type-post","3":"status-publish","4":"format-standard","5":"has-post-thumbnail","7":"category-mundo","8":"tag-breaking-news","9":"tag-breakingnews","10":"tag-featured-news","11":"tag-featurednews","12":"tag-headlines","13":"tag-latest-news","14":"tag-latestnews","15":"tag-main-news","16":"tag-mainnews","17":"tag-mundo","18":"tag-nato","19":"tag-news","20":"tag-noticias","21":"tag-noticias-principais","22":"tag-noticiasprincipais","23":"tag-principais-noticias","24":"tag-principaisnoticias","25":"tag-russia","26":"tag-rutte","27":"tag-top-stories","28":"tag-topstories","29":"tag-ucrania","30":"tag-ultimas","31":"tag-ultimas-noticias","32":"tag-ultimasnoticias","33":"tag-world","34":"tag-world-news","35":"tag-worldnews","36":"tag-zelensky"},"share_on_mastodon":{"url":"","error":""},"_links":{"self":[{"href":"https:\/\/www.europesays.com\/pt\/wp-json\/wp\/v2\/posts\/193968","targetHints":{"allow":["GET"]}}],"collection":[{"href":"https:\/\/www.europesays.com\/pt\/wp-json\/wp\/v2\/posts"}],"about":[{"href":"https:\/\/www.europesays.com\/pt\/wp-json\/wp\/v2\/types\/post"}],"author":[{"embeddable":true,"href":"https:\/\/www.europesays.com\/pt\/wp-json\/wp\/v2\/users\/2"}],"replies":[{"embeddable":true,"href":"https:\/\/www.europesays.com\/pt\/wp-json\/wp\/v2\/comments?post=193968"}],"version-history":[{"count":0,"href":"https:\/\/www.europesays.com\/pt\/wp-json\/wp\/v2\/posts\/193968\/revisions"}],"wp:featuredmedia":[{"embeddable":true,"href":"https:\/\/www.europesays.com\/pt\/wp-json\/wp\/v2\/media\/193969"}],"wp:attachment":[{"href":"https:\/\/www.europesays.com\/pt\/wp-json\/wp\/v2\/media?parent=193968"}],"wp:term":[{"taxonomy":"category","embeddable":true,"href":"https:\/\/www.europesays.com\/pt\/wp-json\/wp\/v2\/categories?post=193968"},{"taxonomy":"post_tag","embeddable":true,"href":"https:\/\/www.europesays.com\/pt\/wp-json\/wp\/v2\/tags?post=193968"}],"curies":[{"name":"wp","href":"https:\/\/api.w.org\/{rel}","templated":true}]}}