{"id":193970,"date":"2025-12-18T22:49:08","date_gmt":"2025-12-18T22:49:08","guid":{"rendered":"https:\/\/www.europesays.com\/pt\/193970\/"},"modified":"2025-12-18T22:49:08","modified_gmt":"2025-12-18T22:49:08","slug":"ps-coloca-se-ao-lado-do-psd-no-salario-minimo-e-evita-acertos-de-contas-diario-de-noticias","status":"publish","type":"post","link":"https:\/\/www.europesays.com\/pt\/193970\/","title":{"rendered":"PS coloca-se ao lado do PSD no sal\u00e1rio m\u00ednimo e evita acertos de contas &#8211; Di\u00e1rio de Not\u00edcias"},"content":{"rendered":"<ol>\n<li><a href=\"https:\/\/news.google.com\/rss\/articles\/CBMiogFBVV95cUxNdjNWOXdvZTZiU1NPYkZGRmdLb0lQN0JlTWN6OUNHaXl3dEtiSE5LTU1QZ1N6T0U0TU1kamtQakpWcjNPTEotUG9iaUl2ejFPZ2hJY1pVeTZzWGp4TGNROHpMQUZJYUJMeERScUNDd01qWm1fU2lUVlhiYl94RXg0UzNjcUk5QVptcEZPOFJ5eXpXRURLUWpnbHRkOUpzTlhKR1E?oc=5\" target=\"_blank\" rel=\"nofollow noopener\">PS coloca-se ao lado do PSD no sal\u00e1rio m\u00ednimo e evita acertos de contas<\/a>&nbsp;&nbsp;Di\u00e1rio de Not\u00edcias<\/li>\n<li><a href=\"https:\/\/news.google.com\/rss\/articles\/CBMi-gJBVV95cUxQRFA5azJQcS1RNnEySXhSbU5OalBQS0hoVlBYZldEYmw5QnN4M09QT0hMcmYtdlA2ZVh4NFExaFdneEdGR19pR21ialRkWDlOdm1VVmVJZDZwbG9xeHNKamMxMlBkamZ0eWZGU0RQeEhEQmtDRUdLM1dYYW5MLW1lRURpSGJMWkpoMzIyMVhuSmRUTlZxclJGbFFNUFNSbld5aF9rLVBVVVh5dHZLZjYwTExMSlZ2VURtLVpDZWhMOTNWUTVwYkFxVmZ4dk0wMlg5aUpIOWpsVW12c0pfN0xsY2lsRmVWUHEwaEpzTkJwVjlYa0g0VTczMDQwUnZRVEF6cGttNFNQbHpKUDJkbDFUNXEyVkJ5MXFaaTQxMjJNOW03bG9pajdSQVFYdHNVWDdhRUpzZ2thVFVvUjhPN0VIQlJsb09zVTVFSXp5VVZETmxrTEppYkRCNnV4RkctMnhsaEJuX3B6LXlvWkRCMUE5Wkp4bmpjeERQTVE?oc=5\" target=\"_blank\" rel=\"nofollow noopener\">Governo aprova subida do sal\u00e1rio m\u00ednimo para 920 euros em 2026<\/a>&nbsp;&nbsp;SIC Not\u00edcias<\/li>\n<li><a href=\"https:\/\/news.google.com\/rss\/articles\/CBMitAFBVV95cUxNZ0gwUlNuVTc3V2hZSXgyMkY1RnFOa09TVWpJOWZzRTZyLTFlWlVoYmp6SE9seS1LcmkwN3YzQ1V1Z2JEbFJzX3hWZEtVSl9ubGZNeUZqY2Q2amVuS2tBT1hsNm5ZMUk5VGpOOUZmeF9FT0ZlYWtOZktfa3RZU3FOMmkzbGtabWNhUEg0WklWLU1sR2NkUk0xdWQyQlREdzVFMEZiRE1JcWVCZHFILWRkcUpucmo?oc=5\" target=\"_blank\" rel=\"nofollow noopener\">Marcelo promulga aumento do sal\u00e1rio m\u00ednimo para 920 euros em 2026<\/a>&nbsp;&nbsp;Jornal de Neg\u00f3cios<\/li>\n<li><a href=\"https:\/\/news.google.com\/rss\/articles\/CBMilgFBVV95cUxPN2Vkek5CbTlUQzZEWEpFRXcxWU9jYWdiUnlCTnphbEU4bmZWUTZSOVlNTXBSN2JCOWNOZ2JSdUlPeDNpQUVEbDRma0JWODN5XzRaeXFFNDdhTVJHa0U0MlZ0QmJTMkJzT3prb0IwR0FkdWJWLXpiWTJ1Uy0tVjk1S1MwdDRxeXFESGdUMFNzeWJOcEtubWc?oc=5\" target=\"_blank\" rel=\"nofollow noopener\">Ponte de Lima voltou a ter produ\u00e7\u00e3o de queijo<\/a>&nbsp;&nbsp;RTP<\/li>\n<li><a href=\"https:\/\/news.google.com\/rss\/articles\/CBMirAFBVV95cUxPVGxlenpNajl6d3I0ZTNfdkF2Rll5N2lnTnEwZWpWMm03SEJOcWE0dGhqSm50R0tNZEY2Sy1faU9zUDZtTDc4T1ptTWh0bTlVODA1UDEyNVdpZ2pIUnVHaEdscl9aRm40SmV1WjlhQnU4NjA2TkExVE11enJyR2hPeUlLdndCV21HalMyOGdCMHZWRUJUalBkU1JEN0pIVlB3TGF4TGFmZVRUVFRM?oc=5\" target=\"_blank\" rel=\"nofollow noopener\">Sal\u00e1rio m\u00ednimo nos 1.600 euros? O que o Governo j\u00e1 decidiu e o que ainda quer alcan\u00e7ar<\/a>&nbsp;&nbsp;RHmagazine<\/li>\n<\/ol>\n","protected":false},"excerpt":{"rendered":"PS coloca-se ao lado do PSD no sal\u00e1rio m\u00ednimo e evita acertos de contas&nbsp;&nbsp;Di\u00e1rio de Not\u00edcias Governo aprova&hellip;\n","protected":false},"author":2,"featured_media":162074,"comment_status":"","ping_status":"","sticky":false,"template":"","format":"standard","meta":{"footnotes":""},"categories":[10],"tags":[1836,27,28,306,15,16,14,2433,25,26,1447,21,22,12,13,19,20,8497,15086,32,23,24,38881,33,18438,17,18,29,30,31],"class_list":{"0":"post-193970","1":"post","2":"type-post","3":"status-publish","4":"format-standard","5":"has-post-thumbnail","7":"category-portugal","8":"tag-acordo","9":"tag-breaking-news","10":"tag-breakingnews","11":"tag-edicao-impressa","12":"tag-featured-news","13":"tag-featurednews","14":"tag-headlines","15":"tag-jose-luis-carneiro","16":"tag-latest-news","17":"tag-latestnews","18":"tag-luis-montenegro","19":"tag-main-news","20":"tag-mainnews","21":"tag-news","22":"tag-noticias","23":"tag-noticias-principais","24":"tag-noticiasprincipais","25":"tag-orcamento-do-estado","26":"tag-partido-socialista","27":"tag-portugal","28":"tag-principais-noticias","29":"tag-principaisnoticias","30":"tag-propostas-dos-partidos","31":"tag-pt","32":"tag-salario-minimo","33":"tag-top-stories","34":"tag-topstories","35":"tag-ultimas","36":"tag-ultimas-noticias","37":"tag-ultimasnoticias"},"share_on_mastodon":{"url":"","error":"Validation failed: Text character limit of 500 exceeded"},"_links":{"self":[{"href":"https:\/\/www.europesays.com\/pt\/wp-json\/wp\/v2\/posts\/193970","targetHints":{"allow":["GET"]}}],"collection":[{"href":"https:\/\/www.europesays.com\/pt\/wp-json\/wp\/v2\/posts"}],"about":[{"href":"https:\/\/www.europesays.com\/pt\/wp-json\/wp\/v2\/types\/post"}],"author":[{"embeddable":true,"href":"https:\/\/www.europesays.com\/pt\/wp-json\/wp\/v2\/users\/2"}],"replies":[{"embeddable":true,"href":"https:\/\/www.europesays.com\/pt\/wp-json\/wp\/v2\/comments?post=193970"}],"version-history":[{"count":0,"href":"https:\/\/www.europesays.com\/pt\/wp-json\/wp\/v2\/posts\/193970\/revisions"}],"wp:featuredmedia":[{"embeddable":true,"href":"https:\/\/www.europesays.com\/pt\/wp-json\/wp\/v2\/media\/162074"}],"wp:attachment":[{"href":"https:\/\/www.europesays.com\/pt\/wp-json\/wp\/v2\/media?parent=193970"}],"wp:term":[{"taxonomy":"category","embeddable":true,"href":"https:\/\/www.europesays.com\/pt\/wp-json\/wp\/v2\/categories?post=193970"},{"taxonomy":"post_tag","embeddable":true,"href":"https:\/\/www.europesays.com\/pt\/wp-json\/wp\/v2\/tags?post=193970"}],"curies":[{"name":"wp","href":"https:\/\/api.w.org\/{rel}","templated":true}]}}