{"id":193991,"date":"2025-12-18T23:05:10","date_gmt":"2025-12-18T23:05:10","guid":{"rendered":"https:\/\/www.europesays.com\/pt\/193991\/"},"modified":"2025-12-18T23:05:10","modified_gmt":"2025-12-18T23:05:10","slug":"sporting-nos-quartos-apos-afastar-santa-clara-no-prolongamento","status":"publish","type":"post","link":"https:\/\/www.europesays.com\/pt\/193991\/","title":{"rendered":"Sporting nos quartos ap\u00f3s afastar Santa Clara no prolongamento"},"content":{"rendered":"<p>                Jo\u00e3o Sim\u00f5es adiantou cedo (12 minutos) os \u2018le\u00f5es\u2019, mas os a\u00e7orianos viraram para 2-1, com tentos de Lucas Soares (28) e Gabriel Silva (85), e lideraram at\u00e9 aos 90+16, quando Luis Su\u00e1rez empatou, num pen\u00e1lti descortinado pelo VAR e pelo \u00e1rbitro Jo\u00e3o Pinheiro ap\u00f3s longos 13 minutos.<\/p>\n<p>Com mais um, os \u2018le\u00f5es\u2019, detentores do trof\u00e9u, carimbaram o apuramento no prolongamento, com um tento do suplente Ioannidis, aos 98 minutos.<\/p>\n<p>Face ao \u00faltimo jogo do campeonato (goleado por 6-0 ao AVS), Rui Borges fez sete mudan\u00e7as no \u2018onze\u2019, ao qual promoveu Jo\u00e3o Virg\u00ednia, Matheus Reis, Eduardo Quaresma, Fresneda, Hjulmand, Jo\u00e3o Sim\u00f5es e Alisson, o mesmo n\u00famero de altera\u00e7\u00f5es que Vasco Matos realizou ap\u00f3s a derrota em Braga (1-0), com as entradas de Neneca, Henrique Silva, Dj\u00e9 Tavares, MT, Luquinhas, Jo\u00e3o Costa e Gabriel Silva.<\/p>\n<p>Os \u2018le\u00f5es\u2019 at\u00e9 come\u00e7aram a partida com dificuldades na constru\u00e7\u00e3o devido \u00e0 press\u00e3o alta do Santa Clara, mas conseguiram chegar ao golo ainda antes do primeiro quarto de hora.<\/p>\n<p>Depois de o primeiro lance de perigo ter pertencido \u00e0 equipa da casa, protagonizado por Lucas Soares, que obrigou Virg\u00ednia a uma defesa atenta (tr\u00eas minutos), o bicampe\u00e3o nacional inaugurou o marcador com uma jogada a partir da esquerda que culminou com uma finaliza\u00e7\u00e3o certeira de Jo\u00e3o Sim\u00f5es (12).<\/p>\n<p>A forma\u00e7\u00e3o \u2018leonina\u2019, contudo, teve dificuldades para penetrar no \u00faltimo ter\u00e7o, perante um Santa Clara personalizado, que soube preencher os espa\u00e7os e explorar a verticalidade dos corredores para desequilibrar a defesa contr\u00e1ria.<\/p>\n<p>Aos 28 minutos, a equipa de Vasco Matos chegou ao empate atrav\u00e9s de um remate de fora de \u00e1rea de Lucas Soares, ap\u00f3s uma boa jogada coletiva que come\u00e7ou com os a\u00e7orianos a desenvencilharem-se com efic\u00e1cia da press\u00e3o alta dos \u2018le\u00f5es\u2019.<\/p>\n<p>Ap\u00f3s o equil\u00edbrio no primeiro tempo, o Sporting surgiu na segunda parte mais objetivo e instalou-se no meio-campo advers\u00e1rio, tendo criado perigo com um remate forte de Maxi Ara\u00fajo, barrado por uma defesa de Neneca (52 minutos), e uma investida de Luis Su\u00e1rez (66).<\/p>\n<p>Com o passar dos minutos, os a\u00e7orianos, que n\u00e3o deixaram de explorar o contra-ataque, viram-se obrigados a recuar, colocando quase todos os homens atr\u00e1s da linha bola, j\u00e1 que os forasteiros assumiram o dom\u00ednio da posse de bola, muito vezes inconsequente devido \u00e0 inefic\u00e1cia no \u00faltimo passe.<\/p>\n<p>Sempre fortes nos duelos, o esp\u00edrito de abnega\u00e7\u00e3o recompensou o Santa Clara, que operou a reviravolta no marcador aos 85 minutos por meio de um remate feliz de Gabriel Silva, coroando o regresso do criativo, que voltou hoje \u00e0 titularidade ap\u00f3s ter estado afastado v\u00e1rios jogos por motivos pessoais.<\/p>\n<p>Numa altura em que Paulo Victor j\u00e1 tinha sido expulso (88), o Sporting chegou ao empate atrav\u00e9s de um pen\u00e1lti cobrado por Luis Su\u00e1rez (aos 90+16). O lance demorou cerca de 13 minutos a ser analisado pelo \u00e1rbitro Jo\u00e3o Pinheiro e o video\u00e1rbitro, e motivou protestos do banco do Santa Clara &#8211; Ven\u00e2ncio e Lucas Soares, que j\u00e1 tinham sido substitu\u00eddos, foram expulsos.<\/p>\n<p>No prolongamento, com mais um elemento, o Sporting imp\u00f4s-se e assumiu o dom\u00ednio do jogo, acabando por chegar ao golo aos 98 minutos, gra\u00e7as a uma cabe\u00e7ada certeira de Ioannidis.<\/p>\n","protected":false},"excerpt":{"rendered":"Jo\u00e3o Sim\u00f5es adiantou cedo (12 minutos) os \u2018le\u00f5es\u2019, mas os a\u00e7orianos viraram para 2-1, com tentos de Lucas&hellip;\n","protected":false},"author":2,"featured_media":193992,"comment_status":"","ping_status":"","sticky":false,"template":"","format":"standard","meta":{"footnotes":""},"categories":[8],"tags":[27,28,15,16,14,25,26,21,22,12,13,19,20,32,23,24,33,420,421,17,18,29,30,31],"class_list":{"0":"post-193991","1":"post","2":"type-post","3":"status-publish","4":"format-standard","5":"has-post-thumbnail","7":"category-principais-noticias","8":"tag-breaking-news","9":"tag-breakingnews","10":"tag-featured-news","11":"tag-featurednews","12":"tag-headlines","13":"tag-latest-news","14":"tag-latestnews","15":"tag-main-news","16":"tag-mainnews","17":"tag-news","18":"tag-noticias","19":"tag-noticias-principais","20":"tag-noticiasprincipais","21":"tag-portugal","22":"tag-principais-noticias","23":"tag-principaisnoticias","24":"tag-pt","25":"tag-rtp","26":"tag-rtp-noticias","27":"tag-top-stories","28":"tag-topstories","29":"tag-ultimas","30":"tag-ultimas-noticias","31":"tag-ultimasnoticias"},"share_on_mastodon":{"url":"https:\/\/pubeurope.com\/@pt\/115743078847997524","error":""},"_links":{"self":[{"href":"https:\/\/www.europesays.com\/pt\/wp-json\/wp\/v2\/posts\/193991","targetHints":{"allow":["GET"]}}],"collection":[{"href":"https:\/\/www.europesays.com\/pt\/wp-json\/wp\/v2\/posts"}],"about":[{"href":"https:\/\/www.europesays.com\/pt\/wp-json\/wp\/v2\/types\/post"}],"author":[{"embeddable":true,"href":"https:\/\/www.europesays.com\/pt\/wp-json\/wp\/v2\/users\/2"}],"replies":[{"embeddable":true,"href":"https:\/\/www.europesays.com\/pt\/wp-json\/wp\/v2\/comments?post=193991"}],"version-history":[{"count":0,"href":"https:\/\/www.europesays.com\/pt\/wp-json\/wp\/v2\/posts\/193991\/revisions"}],"wp:featuredmedia":[{"embeddable":true,"href":"https:\/\/www.europesays.com\/pt\/wp-json\/wp\/v2\/media\/193992"}],"wp:attachment":[{"href":"https:\/\/www.europesays.com\/pt\/wp-json\/wp\/v2\/media?parent=193991"}],"wp:term":[{"taxonomy":"category","embeddable":true,"href":"https:\/\/www.europesays.com\/pt\/wp-json\/wp\/v2\/categories?post=193991"},{"taxonomy":"post_tag","embeddable":true,"href":"https:\/\/www.europesays.com\/pt\/wp-json\/wp\/v2\/tags?post=193991"}],"curies":[{"name":"wp","href":"https:\/\/api.w.org\/{rel}","templated":true}]}}