{"id":194003,"date":"2025-12-18T23:19:09","date_gmt":"2025-12-18T23:19:09","guid":{"rendered":"https:\/\/www.europesays.com\/pt\/194003\/"},"modified":"2025-12-18T23:19:09","modified_gmt":"2025-12-18T23:19:09","slug":"tribunal-frances-condena-a-perpetua-medico-que-envenenou-dezenas-de-pacientes-saude","status":"publish","type":"post","link":"https:\/\/www.europesays.com\/pt\/194003\/","title":{"rendered":"Tribunal franc\u00eas condena a perp\u00e9tua m\u00e9dico que envenenou dezenas de pacientes | Sa\u00fade"},"content":{"rendered":"<p>Um m\u00e9dico franc\u00eas acusado de envenenar e matar dezenas de pacientes foi condenado \u00e0 pris\u00e3o perp\u00e9tua perante o tribunal nesta quinta-feira.<\/p>\n<p>Os procuradores usaram o termo \u201cDr. Morte\u201d para se referirem ao m\u00e9dico anestesista que manipulava bolsas de anestesia e doses de paracetamol, provocando ataques de cora\u00e7\u00e3o. As v\u00edtimas variam entre os 4 e os 89 anos de idade.<\/p>\n<p>\u201cEste trata-se de um dos maiores criminosos na hist\u00f3ria do sistema legal franc\u00eas\u201d, afirmaram os procuradores, que descreveram Fr\u00e9d\u00e9ric P\u00e9chier como \u201cum assassino em s\u00e9rie\u201d.<\/p>\n<p>De acordo com o <a href=\"https:\/\/www.theguardian.com\/world\/2025\/dec\/18\/french-court-finds-twisted-anaesthetist-frederic-pechier-guilty-killing-12-patients\" target=\"_blank\" rel=\"nofollow noopener\">The Guardian<\/a>, uma das procuradoras estatais, Th\u00e9r\u00e8se Brunisso, disse que P\u00e9chier n\u00e3o se tratava de um m\u00e9dico, mas sim de \u201c<a href=\"https:\/\/www.publico.pt\/2025\/05\/08\/sociedade\/noticia\/medico-condenado-prisao-crimes-importunacao-abuso-coaccao-sexual-2132354\" rel=\"nofollow noopener\" target=\"_blank\">um criminoso que usou a medicina para matar<\/a>\u201d. E acrescentou que as ac\u00e7\u00f5es do m\u00e9dico anestesista tinham dois objectivos: \u201ca morte f\u00edsica dos seus pacientes\u201d e \u201co astuto ataque psicol\u00f3gico aos colegas\u201d.<\/p>\n<p>Durante as audi\u00eancias no tribunal, foi dito que, para al\u00e9m de disputas com outros colegas, Fr\u00e9d\u00e9ric P\u00e9chier envenenava as v\u00edtimas para depois poder ressuscit\u00e1-las, aproveitando-se do reconhecimento deste acto para lidar com sentimentos de frustra\u00e7\u00e3o. Alguns dos seus colegas conheciam-no como um \u201cm\u00e9dico brilhante\u201d.<\/p>\n<p>Outra procuradora, Christine de Curraize, disse que por detr\u00e1s dos crimes estava \u201csede de poder\u201d, raz\u00e3o f\u00fatil que levou a que o assass\u00ednio se tornasse \u201cnum modo de vida\u201d para o acusado.<\/p>\n<p>O julgamento durou cerca de tr\u00eas meses e teve como objectivo desvendar os motivos que levaram o anestesista a cometer os crimes, que ocorreram em cl\u00ednicas particulares na cidade de Besan\u00e7on, no Nordeste de Fran\u00e7a.<\/p>\n<p>Filho de um anestesista, <a href=\"https:\/\/www.lemonde.fr\/proces-pechier\/\" target=\"_blank\" rel=\"nofollow noopener\">P\u00e9chier cresceu num ambiente privilegiado<\/a>. Vivia com a mulher, tamb\u00e9m cardiologista, e os tr\u00eas filhos, at\u00e9 ao div\u00f3rcio. Praticou em duas cl\u00ednicas privadas durante o per\u00edodo de 2008 a 2017, onde doentes entraram em paragem card\u00edaca sob circunst\u00e2ncias duvidosas. Doze pessoas n\u00e3o resistiram aos esfor\u00e7os de reanima\u00e7\u00e3o e morreram. Ao longo da investiga\u00e7\u00e3o, as autoridades examinaram acima de 70 registos de \u201ceventos adversos graves\u201d \u2014 o termo cl\u00ednico usado para mortes ou complica\u00e7\u00f5es imprevistas em doentes. Em 2014 e 2021, por duas vezes, tentou tirar a pr\u00f3pria vida.<\/p>\n<p>A v\u00edtima mais nova, na altura uma crian\u00e7a de 4 anos, Tedy, sofreu duas paragens cardiorrespirat\u00f3rias em 2016 durante uma opera\u00e7\u00e3o de rotina a uma amigdalite. O pai do menino, que acabou por sobreviver, disse ao tribunal: \u201cO que nos aconteceu foi um pesadelo. N\u00f3s confi\u00e1mos na medicina e sentimo-nos tra\u00eddos.\u201d<\/p>\n<p>Sandra Simard, 36 anos, foi outra das v\u00edtimas. Durante uma simples opera\u00e7\u00e3o \u00e0s costas, o seu cora\u00e7\u00e3o parou depois de uma bolsa de anestesia ter sido adulterada. Acabou por ficar semanas no hospital ap\u00f3s entrar em estado de coma, que se prolongou durante v\u00e1rios dias. Simard disse ao tribunal que as consequ\u00eancias deste epis\u00f3dio ficar\u00e3o para toda a vida: \u201cTodo o meu corpo est\u00e1 em dor, como se vivesse no corpo de uma pessoa idosa.\u201d<\/p>\n","protected":false},"excerpt":{"rendered":"Um m\u00e9dico franc\u00eas acusado de envenenar e matar dezenas de pacientes foi condenado \u00e0 pris\u00e3o perp\u00e9tua perante o&hellip;\n","protected":false},"author":2,"featured_media":194004,"comment_status":"","ping_status":"","sticky":false,"template":"","format":"standard","meta":{"footnotes":""},"categories":[50],"tags":[27,28,604,15,16,14,25,26,3805,21,22,1208,1437,62,12,13,19,20,23,24,117,58,17,18,29,30,31,63,64,65],"class_list":{"0":"post-194003","1":"post","2":"type-post","3":"status-publish","4":"format-standard","5":"has-post-thumbnail","7":"category-mundo","8":"tag-breaking-news","9":"tag-breakingnews","10":"tag-crime","11":"tag-featured-news","12":"tag-featurednews","13":"tag-headlines","14":"tag-latest-news","15":"tag-latestnews","16":"tag-lei-e-justica","17":"tag-main-news","18":"tag-mainnews","19":"tag-medicina","20":"tag-morte","21":"tag-mundo","22":"tag-news","23":"tag-noticias","24":"tag-noticias-principais","25":"tag-noticiasprincipais","26":"tag-principais-noticias","27":"tag-principaisnoticias","28":"tag-saude","29":"tag-sociedade","30":"tag-top-stories","31":"tag-topstories","32":"tag-ultimas","33":"tag-ultimas-noticias","34":"tag-ultimasnoticias","35":"tag-world","36":"tag-world-news","37":"tag-worldnews"},"share_on_mastodon":{"url":"https:\/\/pubeurope.com\/@pt\/115743133832002017","error":""},"_links":{"self":[{"href":"https:\/\/www.europesays.com\/pt\/wp-json\/wp\/v2\/posts\/194003","targetHints":{"allow":["GET"]}}],"collection":[{"href":"https:\/\/www.europesays.com\/pt\/wp-json\/wp\/v2\/posts"}],"about":[{"href":"https:\/\/www.europesays.com\/pt\/wp-json\/wp\/v2\/types\/post"}],"author":[{"embeddable":true,"href":"https:\/\/www.europesays.com\/pt\/wp-json\/wp\/v2\/users\/2"}],"replies":[{"embeddable":true,"href":"https:\/\/www.europesays.com\/pt\/wp-json\/wp\/v2\/comments?post=194003"}],"version-history":[{"count":0,"href":"https:\/\/www.europesays.com\/pt\/wp-json\/wp\/v2\/posts\/194003\/revisions"}],"wp:featuredmedia":[{"embeddable":true,"href":"https:\/\/www.europesays.com\/pt\/wp-json\/wp\/v2\/media\/194004"}],"wp:attachment":[{"href":"https:\/\/www.europesays.com\/pt\/wp-json\/wp\/v2\/media?parent=194003"}],"wp:term":[{"taxonomy":"category","embeddable":true,"href":"https:\/\/www.europesays.com\/pt\/wp-json\/wp\/v2\/categories?post=194003"},{"taxonomy":"post_tag","embeddable":true,"href":"https:\/\/www.europesays.com\/pt\/wp-json\/wp\/v2\/tags?post=194003"}],"curies":[{"name":"wp","href":"https:\/\/api.w.org\/{rel}","templated":true}]}}