{"id":194005,"date":"2025-12-18T23:20:43","date_gmt":"2025-12-18T23:20:43","guid":{"rendered":"https:\/\/www.europesays.com\/pt\/194005\/"},"modified":"2025-12-18T23:20:43","modified_gmt":"2025-12-18T23:20:43","slug":"revista-gq-portugal-chega-ao-fim-observador","status":"publish","type":"post","link":"https:\/\/www.europesays.com\/pt\/194005\/","title":{"rendered":"Revista GQ Portugal chega ao fim \u2013 Observador"},"content":{"rendered":"<p>A revista GQ Portugal vai deixar de ser publicada. A edi\u00e7\u00e3o \u201cEspecial 10 anos 2015\/2025\u201d, atualmente em banca, \u00e9 a \u00faltima. A revista masculina de moda e lifestyle era editada pela Lighthouse Publishing, que tamb\u00e9m \u00e9 detentor da licen\u00e7a da Vogue em Portugal.<\/p>\n<p>Ao Observador, Jos\u00e9 Santana, diretor da revista e um dos propriet\u00e1rios da editora, revela\u00a0que foi a Lighthouse que optou por \u201cn\u00e3o renovar a licen\u00e7a\u201d com a Cond\u00e9 Nast Publications para editar o t\u00edtulo e que vence a 31 de dezembro de 2025. A decis\u00e3o prende-se com a \u201cvontade de abra\u00e7ar um novo projeto, mas sobretudo fazer o nosso pr\u00f3prio conte\u00fado\u201d, justifica. \u201cA GQ est\u00e1 a ir para uma linha mais internacional de partilha de conte\u00fados e capas. Isso n\u00e3o nos faz sentido. N\u00e3o \u00e9 errado, mas o que nos faz sentido \u00e9 a GQ ser 100% nossa e 100% feita por n\u00f3s\u201d, esclarece.<\/p>\n<p>O futuro dos trabalhadores da revista n\u00e3o est\u00e1 em causa, j\u00e1 que o v\u00ednculo laboral \u00e9 com a editora que, \u201cem breve\u201d, acumular\u00e1 um novo t\u00edtulo no portef\u00f3lio. \u201cVamos trazer outro titulo internacional\u201d, avan\u00e7a Jos\u00e9 Santana ao Observador. Reservando detalhes para o futuro, diz apenas que ser\u00e1 uma revista \u201cdentro do mesmo segmento, mas mais arty\u201c.<\/p>\n<p>        <img src=\"https:\/\/www.europesays.com\/pt\/wp-content\/uploads\/2025\/12\/capa203-b-high.jpg\" alt=\"\" loading=\"lazy\" decoding=\"async\" class=\"\" onload=\"this.parentElement.classList.remove('spinner')\" onerror=\"this.parentElement.classList.remove('spinner')\" width=\"1440\" height=\"1865\"\/>    <\/p>\n<p class=\"wp-caption-text\">A \u00faltima edi\u00e7\u00e3o da GQ Portugal, atualmente nas bancas<\/p>\n<p>Fundada em 2015, a Lighthouse, editora criada por Jos\u00e9 Santana e Sofia Lucas, antigos trabalhadores do grupo Cofina, chegou ao mercado em meados desse ano, relan\u00e7ando no territ\u00f3rio a GQ Portugal. At\u00e9 2014, a revista masculina de moda e lifestyle integrava o universo de publica\u00e7\u00f5es da Cofina. O primeiro n\u00famero sob a al\u00e7ada da Lighthouse chegou em setembro de 2015. Em 2017, a editora ficou tamb\u00e9m com a licen\u00e7a da Cond\u00e9 Nast Publications para editar a Vogue Portugal,\u00a0quando o grupo Cofina decidiu deixar o t\u00edtulo.<\/p>\n","protected":false},"excerpt":{"rendered":"A revista GQ Portugal vai deixar de ser publicada. A edi\u00e7\u00e3o \u201cEspecial 10 anos 2015\/2025\u201d, atualmente em banca,&hellip;\n","protected":false},"author":2,"featured_media":194006,"comment_status":"","ping_status":"","sticky":false,"template":"","format":"standard","meta":{"footnotes":""},"categories":[10],"tags":[27,28,15,16,14,3804,25,26,21,22,715,12,13,19,20,32,23,24,33,58,17,18,29,30,31],"class_list":{"0":"post-194005","1":"post","2":"type-post","3":"status-publish","4":"format-standard","5":"has-post-thumbnail","7":"category-portugal","8":"tag-breaking-news","9":"tag-breakingnews","10":"tag-featured-news","11":"tag-featurednews","12":"tag-headlines","13":"tag-imprensa","14":"tag-latest-news","15":"tag-latestnews","16":"tag-main-news","17":"tag-mainnews","18":"tag-media","19":"tag-news","20":"tag-noticias","21":"tag-noticias-principais","22":"tag-noticiasprincipais","23":"tag-portugal","24":"tag-principais-noticias","25":"tag-principaisnoticias","26":"tag-pt","27":"tag-sociedade","28":"tag-top-stories","29":"tag-topstories","30":"tag-ultimas","31":"tag-ultimas-noticias","32":"tag-ultimasnoticias"},"share_on_mastodon":{"url":"https:\/\/pubeurope.com\/@pt\/115743138079871410","error":""},"_links":{"self":[{"href":"https:\/\/www.europesays.com\/pt\/wp-json\/wp\/v2\/posts\/194005","targetHints":{"allow":["GET"]}}],"collection":[{"href":"https:\/\/www.europesays.com\/pt\/wp-json\/wp\/v2\/posts"}],"about":[{"href":"https:\/\/www.europesays.com\/pt\/wp-json\/wp\/v2\/types\/post"}],"author":[{"embeddable":true,"href":"https:\/\/www.europesays.com\/pt\/wp-json\/wp\/v2\/users\/2"}],"replies":[{"embeddable":true,"href":"https:\/\/www.europesays.com\/pt\/wp-json\/wp\/v2\/comments?post=194005"}],"version-history":[{"count":0,"href":"https:\/\/www.europesays.com\/pt\/wp-json\/wp\/v2\/posts\/194005\/revisions"}],"wp:featuredmedia":[{"embeddable":true,"href":"https:\/\/www.europesays.com\/pt\/wp-json\/wp\/v2\/media\/194006"}],"wp:attachment":[{"href":"https:\/\/www.europesays.com\/pt\/wp-json\/wp\/v2\/media?parent=194005"}],"wp:term":[{"taxonomy":"category","embeddable":true,"href":"https:\/\/www.europesays.com\/pt\/wp-json\/wp\/v2\/categories?post=194005"},{"taxonomy":"post_tag","embeddable":true,"href":"https:\/\/www.europesays.com\/pt\/wp-json\/wp\/v2\/tags?post=194005"}],"curies":[{"name":"wp","href":"https:\/\/api.w.org\/{rel}","templated":true}]}}