{"id":194037,"date":"2025-12-18T23:53:55","date_gmt":"2025-12-18T23:53:55","guid":{"rendered":"https:\/\/www.europesays.com\/pt\/194037\/"},"modified":"2025-12-18T23:53:55","modified_gmt":"2025-12-18T23:53:55","slug":"chamou-javardo-a-sergio-conceicao-e-vai-receber-mais-de-20-mil-euros-por-isso","status":"publish","type":"post","link":"https:\/\/www.europesays.com\/pt\/194037\/","title":{"rendered":"Chamou &#8220;javardo&#8221; a S\u00e9rgio Concei\u00e7\u00e3o \u2014 e vai receber mais de 20 mil euros por isso"},"content":{"rendered":"<p class=\"wp-caption-text top\"><a href=\"https:\/\/observalinguaportuguesa.org\/seixas-da-costa-diz-que-cplp-nao-funciona-e-que-brasil-nao-se-empenha-na-organizacao\/\" rel=\"nofollow external noopener noreferrer\" data-wpel-link=\"external\" target=\"_blank\" class=\"ext-link\">Observat\u00f3rio da L\u00edngua Portuguesa<\/a><\/p>\n<p><img decoding=\"async\" loading=\"lazy\" class=\"wp-image-717398 size-kopa-image-size-3\" src=\"https:\/\/www.europesays.com\/pt\/wp-content\/uploads\/2025\/12\/91a77b4531e9721edb88b1f301d21253-783x450.jpg\" alt=\"\" width=\"700\" height=\"402\"  \/><\/p>\n<p class=\"wp-caption-text bot\">Francisco Seixas da Costa<\/p>\n<p><strong>Insultar os outros, \u00e0s vezes, compensa \u2014 e muito. Inicialmente condenado a indemnizar o ex-treinador do FC Porto, ex-secret\u00e1rio de Estado do governo de Guterres fez um \u201cacordo amig\u00e1vel\u201d com o Estado muito favor\u00e1vel.<\/strong><\/p>\n<p>\u201cS\u00e9rgio Concei\u00e7\u00e3o at\u00e9 parece n\u00e3o ser um mau treinador! Mas \u00e9 \u2013 sejamos claros! \u2013 um<strong> javardo<\/strong>.\u201d<\/p>\n<p>A frase foi deixada por escrito por <strong>Francisco Seixas da Costa<\/strong> e acaba de lhe render mais de 20 mil euros, cortesia do pr\u00f3prio Estado.<\/p>\n<p>O Estado vai ter de pagar a quantia exata de 20.450 euros ao antigo diplomata na sequ\u00eancia de um processo que come\u00e7ou num <a href=\"https:\/\/x.com\/seixasdacosta\/status\/1112143752955682817?ref_src=twsrc%5Etfw%7Ctwcamp%5Etweetembed%7Ctwterm%5E1112143752955682817%7Ctwgr%5Ef1d9f21af081280762f47944aab842923b1b6ecf%7Ctwcon%5Es1_&amp;ref_url=https%3A%2F%2Fobservador.pt%2F2025%2F12%2F16%2Festado-vai-ter-de-pagar-mais-de-20-mil-euros-a-seixas-da-costa-apos-ex-embaixador-chamar-javardo-a-sergio-conceicao%2F\" data-wpel-link=\"external\" target=\"_blank\" rel=\"nofollow external noopener noreferrer\" class=\"ext-link\">tweet<\/a>, em 2019, onde o ex-embaixador insulta <a href=\"https:\/\/zap.aeiou.pt\/tag\/sergio-conceicao\" data-wpel-link=\"internal\" rel=\"nofollow noopener\" target=\"_blank\">S\u00e9rgio Concei\u00e7\u00e3o<\/a>, ent\u00e3o treinador do FC Porto.<\/p>\n<p>O desfecho resulta de um entendimento alcan\u00e7ado no Tribunal Europeu dos Direitos Humanos (TEDH), em Estrasburgo: 20.450 euros a liquidar no prazo de tr\u00eas meses.<\/p>\n<p>Tudo come\u00e7ou a 31 de mar\u00e7o de 2019, ap\u00f3s um jogo entre SC Braga e FC Porto, que terminou com a vit\u00f3ria portista (2-3). Numa publica\u00e7\u00e3o no ent\u00e3o Twitter (atual X), Seixas da Costa escreveu as seguintes palavras:<\/p>\n<blockquote>\n<p>\u201cS\u00e9rgio Concei\u00e7\u00e3o at\u00e9 parece n\u00e3o ser um mau treinador! Mas \u00e9 \u2013 sejamos claros! \u2013 um javardo. N\u00e3o vale a pena estar com eufemismos. E os adeptos do FCP que se rev\u00eam no seu estilo s\u00e3o isso mesmo \u2013 uns javardos. Como o s\u00e3o os adeptos do (meu) Sporting que gostam do Bruno de Carvalho\u201d.<\/p>\n<\/blockquote>\n<p>A publica\u00e7\u00e3o levou a uma queixa e, anos mais tarde, a uma <strong>condena\u00e7\u00e3o por difama\u00e7\u00e3o<\/strong> nos tribunais portugueses. Em 26 de setembro de 2022, o tribunal do Porto condenou Seixas da Costa, fixando um total de <strong>8.200 euros<\/strong>: 2.200 euros de multa e 6.000 euros de indemniza\u00e7\u00e3o a S\u00e9rgio Concei\u00e7\u00e3o. A decis\u00e3o foi confirmada pelo Tribunal da Rela\u00e7\u00e3o do Porto, em 22 de fevereiro de 2023, que recusou o recurso e manteve a senten\u00e7a, adianta o <a href=\"https:\/\/observador.pt\/2025\/12\/16\/estado-vai-ter-de-pagar-mais-de-20-mil-euros-a-seixas-da-costa-apos-ex-embaixador-chamar-javardo-a-sergio-conceicao\/\" data-wpel-link=\"external\" target=\"_blank\" rel=\"nofollow external noopener noreferrer\" class=\"ext-link\">Observador<\/a>.<\/p>\n<p>Inconformado, o antigo secret\u00e1rio de Estado dos Assuntos Europeus (1995-2001) do Governo de Ant\u00f3nio Guterres levou o processo ao TEDH, alegando que a condena\u00e7\u00e3o em Portugal <strong>violou o seu direito \u00e0 liberdade de express\u00e3o<\/strong>, previsto no artigo 10.\u00ba da Conven\u00e7\u00e3o Europeia dos Direitos do Homem. No tribunal de Estrasburgo, o caso acabou por n\u00e3o avan\u00e7ar para uma decis\u00e3o de m\u00e9rito, na medida em que foi alcan\u00e7ado um <strong>\u201cacordo amig\u00e1vel\u201d<\/strong> entre o Estado portugu\u00eas e a defesa de Seixas da Costa.<\/p>\n<p>De acordo com a decis\u00e3o proferida a 20 de novembro e comunicada este m\u00eas, o Estado compromete-se a pagar <strong>8.200 euros<\/strong> por danos patrimoniais, <strong>9.750 euros<\/strong> por danos n\u00e3o patrimoniais e <strong>2.500 euros<\/strong> por despesas processuais, perfazendo 20.450 euros. O documento prev\u00ea ainda a possibilidade de aplica\u00e7\u00e3o de juros caso o pagamento n\u00e3o seja efetuado dentro do prazo estipulado.<\/p>\n<p>Em contrapartida, Seixas da Costa renuncia a quaisquer outras reclama\u00e7\u00f5es contra Portugal relacionadas com os factos que estiveram na origem do recurso. Para o TEDH, o acordo assenta no respeito pelos direitos consagrados na Conven\u00e7\u00e3o e n\u00e3o h\u00e1 raz\u00f5es que justifiquem a continua\u00e7\u00e3o da aprecia\u00e7\u00e3o do pedido, motivo pelo qual o processo foi retirado da lista de casos em an\u00e1lise.<\/p>\n<p>    <a href=\"https:\/\/zap.aeiou.pt\/subscrever-newsletter\" data-wpel-link=\"internal\" rel=\"nofollow noopener\" target=\"_blank\">&#13;<br \/>\n        <img loading=\"lazy\" decoding=\"async\" class=\"aligncenter size-full wp-image-575475\" src=\"https:\/\/www.europesays.com\/pt\/wp-content\/uploads\/2025\/12\/1765389371_545_2d51fe4a0ba54894421ead1809309ed9-1-450x140.jpg\" alt=\"Subscreva a Newsletter ZAP\" width=\"450\" height=\"140\"\/>&#13;<br \/>\n    <\/a><\/p>\n<p>                <a href=\"https:\/\/whatsapp.com\/channel\/0029VaIC4EE2f3EJZPPSbR34\" data-wpel-link=\"external\" target=\"_blank\" rel=\"nofollow external noopener noreferrer\" class=\"ext-link\">&#13;<br \/>\n                    <img loading=\"lazy\" decoding=\"async\" class=\"aligncenter size-full wp-image-575475\" src=\"https:\/\/www.europesays.com\/pt\/wp-content\/uploads\/2025\/12\/1765389371_770_c68c559d956d4ca20f435ed74a6e71e6.png\" alt=\"Siga-nos no WhatsApp\" width=\"175\" height=\"64\"\/>&#13;<br \/>\n                <\/a><\/p>\n<p>                <a href=\"https:\/\/news.google.com\/publications\/CAAiEHRwZondIV71PDjWNoqMduEqFAgKIhB0cGaJ3SFe9Tw41jaKjHbh?hl=en-US&amp;gl=US&amp;ceid=US%3Aen\" data-wpel-link=\"external\" target=\"_blank\" rel=\"nofollow external noopener noreferrer\" class=\"ext-link\">&#13;<br \/>\n                    <img loading=\"lazy\" decoding=\"async\" class=\"aligncenter size-full wp-image-575475\" src=\"https:\/\/www.europesays.com\/pt\/wp-content\/uploads\/2025\/12\/1765389372_556_5123dd8b087b644fdb8f8603acd1bad4.png\" alt=\"Siga-nos no Google News\" width=\"176\" height=\"64\"\/>&#13;<br \/>\n                <\/a><\/p>\n","protected":false},"excerpt":{"rendered":"Observat\u00f3rio da L\u00edngua Portuguesa Francisco Seixas da Costa Insultar os outros, \u00e0s vezes, compensa \u2014 e muito. Inicialmente&hellip;\n","protected":false},"author":2,"featured_media":194038,"comment_status":"","ping_status":"","sticky":false,"template":"","format":"standard","meta":{"footnotes":""},"categories":[10],"tags":[27,28,3026,986,282,15,16,524,14,603,25,26,6322,21,22,12,13,19,20,32,23,24,33,5540,17,18,29,30,31],"class_list":{"0":"post-194037","1":"post","2":"type-post","3":"status-publish","4":"format-standard","5":"has-post-thumbnail","7":"category-portugal","8":"tag-breaking-news","9":"tag-breakingnews","10":"tag-direitos-humanos","11":"tag-estado","12":"tag-fc-porto","13":"tag-featured-news","14":"tag-featurednews","15":"tag-futebol","16":"tag-headlines","17":"tag-justica","18":"tag-latest-news","19":"tag-latestnews","20":"tag-liberdade-de-expressao","21":"tag-main-news","22":"tag-mainnews","23":"tag-news","24":"tag-noticias","25":"tag-noticias-principais","26":"tag-noticiasprincipais","27":"tag-portugal","28":"tag-principais-noticias","29":"tag-principaisnoticias","30":"tag-pt","31":"tag-sergio-conceicao","32":"tag-top-stories","33":"tag-topstories","34":"tag-ultimas","35":"tag-ultimas-noticias","36":"tag-ultimasnoticias"},"share_on_mastodon":{"url":"https:\/\/pubeurope.com\/@pt\/115743271767790653","error":""},"_links":{"self":[{"href":"https:\/\/www.europesays.com\/pt\/wp-json\/wp\/v2\/posts\/194037","targetHints":{"allow":["GET"]}}],"collection":[{"href":"https:\/\/www.europesays.com\/pt\/wp-json\/wp\/v2\/posts"}],"about":[{"href":"https:\/\/www.europesays.com\/pt\/wp-json\/wp\/v2\/types\/post"}],"author":[{"embeddable":true,"href":"https:\/\/www.europesays.com\/pt\/wp-json\/wp\/v2\/users\/2"}],"replies":[{"embeddable":true,"href":"https:\/\/www.europesays.com\/pt\/wp-json\/wp\/v2\/comments?post=194037"}],"version-history":[{"count":0,"href":"https:\/\/www.europesays.com\/pt\/wp-json\/wp\/v2\/posts\/194037\/revisions"}],"wp:featuredmedia":[{"embeddable":true,"href":"https:\/\/www.europesays.com\/pt\/wp-json\/wp\/v2\/media\/194038"}],"wp:attachment":[{"href":"https:\/\/www.europesays.com\/pt\/wp-json\/wp\/v2\/media?parent=194037"}],"wp:term":[{"taxonomy":"category","embeddable":true,"href":"https:\/\/www.europesays.com\/pt\/wp-json\/wp\/v2\/categories?post=194037"},{"taxonomy":"post_tag","embeddable":true,"href":"https:\/\/www.europesays.com\/pt\/wp-json\/wp\/v2\/tags?post=194037"}],"curies":[{"name":"wp","href":"https:\/\/api.w.org\/{rel}","templated":true}]}}