{"id":194051,"date":"2025-12-19T00:07:10","date_gmt":"2025-12-19T00:07:10","guid":{"rendered":"https:\/\/www.europesays.com\/pt\/194051\/"},"modified":"2025-12-19T00:07:10","modified_gmt":"2025-12-19T00:07:10","slug":"mulher-sequestrada-em-crianca-encontrada-viva-mais-de-40-anos-depois","status":"publish","type":"post","link":"https:\/\/www.europesays.com\/pt\/194051\/","title":{"rendered":"Mulher sequestrada em crian\u00e7a encontrada viva mais de 40 anos depois"},"content":{"rendered":"<p data-remotead-prev-elm=\"true\" data-remotead-elm-id=\"inread\">Michelle Newton tinha tr\u00eas anos quando deixou Louisville, em Kentucky, em 2 de abril de 1983, com a m\u00e3e Debra, que disse ao ent\u00e3o marido Joe que ia come\u00e7ar um novo emprego na Ge\u00f3rgia, de acordo com o Gabinete do Xerife do Condado de Jefferson. Joe deveria juntar-se \u00e0 mulher e \u00e0 filha, mas Debra viajou mais cedo do que esperava. A \u00faltima vez que falou com a mulher foi entre 1984 e 1985. Depois disso, nunca mais teve not\u00edcias dela e Debra e Michelle nunca mais foram vistas.<\/p>\n<p>As autoridades acreditavam que Debra tinha sequestrado Michelle e, em determinado momento, a m\u00e3e foi considerada uma das oito fugitivas mais procuradas pelo FBI por sequestro parental.<\/p>\n<p>A busca por Debra e Michelle continuou at\u00e9 2000, quando o caso foi arquivado depois de os procuradores n\u00e3o conseguirem contactar o pai. Em 2005, Michelle foi removida dos bancos de dados nacionais de crian\u00e7as desaparecidas. Em 2016, um membro da fam\u00edlia pediu \u00e0s autoridades para reabrirem o caso, mas n\u00e3o foi obtida nenhuma nova pista.<\/p>\n<p data-remotead-prev-elm=\"true\" data-remotead-elm-id=\"centro1\">Por\u00e9m, em 2025, uma den\u00fancia an\u00f3nima deu conta que Debra morava em The Villages, na Florida, tinha casado novamente e usava o nome Sharon Nealy. Quarenta e dois anos depois, em 24 de novembro, Debra, agora com 66 anos, foi detida em The Villages, na Florida, e acusada de interfer\u00eancia na cust\u00f3dia de um menor, segundo a imprensa local.<\/p>\n<p><img decoding=\"async\" class=\"ngx-body\" guid=\"a3398eaf-a6e3-4fcc-a4cd-e483089cd1fc\" src=\"https:\/\/www.europesays.com\/pt\/wp-content\/uploads\/2025\/12\/1766102830_497_image.webp\" width=\"100%\"\/>Debra Newton, de 66 anos, foi detida (Foto: Gabinete do Xerife do Condado de Jefferson)<\/p>\n<p>Michelle, que foi criada com outro nome, n\u00e3o fazia ideia de que estava desaparecida. Ap\u00f3s a deten\u00e7\u00e3o da m\u00e3e, a mulher agora com 46 anos reencontrou o pai. &#8220;Ela sempre esteve nos nossos cora\u00e7\u00f5es&#8221;, disse Joe. &#8220;N\u00e3o consigo explicar o momento em que entrei e pude abra\u00e7ar a minha filha novamente. N\u00e3o trocaria aquele momento por nada. Foi como v\u00ea-la quando nasceu. Era como um anjo&#8221;.<\/p>\n<p data-remotead-prev-elm=\"true\" data-remotead-elm-id=\"centro2\">Debra foi presente a um tribunal em Louisville e foi libertada depois de um parente ter pagado a fian\u00e7a, segundo a CNN .<\/p>\n","protected":false},"excerpt":{"rendered":"Michelle Newton tinha tr\u00eas anos quando deixou Louisville, em Kentucky, em 2 de abril de 1983, com a&hellip;\n","protected":false},"author":2,"featured_media":194052,"comment_status":"","ping_status":"","sticky":false,"template":"","format":"standard","meta":{"footnotes":""},"categories":[50],"tags":[27,28,413,15,16,14,25,26,21,22,62,12,13,19,20,23,24,798,17,18,29,30,31,63,64,65],"class_list":{"0":"post-194051","1":"post","2":"type-post","3":"status-publish","4":"format-standard","5":"has-post-thumbnail","7":"category-mundo","8":"tag-breaking-news","9":"tag-breakingnews","10":"tag-eua","11":"tag-featured-news","12":"tag-featurednews","13":"tag-headlines","14":"tag-latest-news","15":"tag-latestnews","16":"tag-main-news","17":"tag-mainnews","18":"tag-mundo","19":"tag-news","20":"tag-noticias","21":"tag-noticias-principais","22":"tag-noticiasprincipais","23":"tag-principais-noticias","24":"tag-principaisnoticias","25":"tag-sequestro","26":"tag-top-stories","27":"tag-topstories","28":"tag-ultimas","29":"tag-ultimas-noticias","30":"tag-ultimasnoticias","31":"tag-world","32":"tag-world-news","33":"tag-worldnews"},"share_on_mastodon":{"url":"https:\/\/pubeurope.com\/@pt\/115743322944417311","error":""},"_links":{"self":[{"href":"https:\/\/www.europesays.com\/pt\/wp-json\/wp\/v2\/posts\/194051","targetHints":{"allow":["GET"]}}],"collection":[{"href":"https:\/\/www.europesays.com\/pt\/wp-json\/wp\/v2\/posts"}],"about":[{"href":"https:\/\/www.europesays.com\/pt\/wp-json\/wp\/v2\/types\/post"}],"author":[{"embeddable":true,"href":"https:\/\/www.europesays.com\/pt\/wp-json\/wp\/v2\/users\/2"}],"replies":[{"embeddable":true,"href":"https:\/\/www.europesays.com\/pt\/wp-json\/wp\/v2\/comments?post=194051"}],"version-history":[{"count":0,"href":"https:\/\/www.europesays.com\/pt\/wp-json\/wp\/v2\/posts\/194051\/revisions"}],"wp:featuredmedia":[{"embeddable":true,"href":"https:\/\/www.europesays.com\/pt\/wp-json\/wp\/v2\/media\/194052"}],"wp:attachment":[{"href":"https:\/\/www.europesays.com\/pt\/wp-json\/wp\/v2\/media?parent=194051"}],"wp:term":[{"taxonomy":"category","embeddable":true,"href":"https:\/\/www.europesays.com\/pt\/wp-json\/wp\/v2\/categories?post=194051"},{"taxonomy":"post_tag","embeddable":true,"href":"https:\/\/www.europesays.com\/pt\/wp-json\/wp\/v2\/tags?post=194051"}],"curies":[{"name":"wp","href":"https:\/\/api.w.org\/{rel}","templated":true}]}}