{"id":194105,"date":"2025-12-19T00:56:10","date_gmt":"2025-12-19T00:56:10","guid":{"rendered":"https:\/\/www.europesays.com\/pt\/194105\/"},"modified":"2025-12-19T00:56:10","modified_gmt":"2025-12-19T00:56:10","slug":"yanis-varoufakis-o-capitalismo-produz-crises-como-produz-iphones-mas-o-que-veio-a-seguir-e-pior","status":"publish","type":"post","link":"https:\/\/www.europesays.com\/pt\/194105\/","title":{"rendered":"Yanis Varoufakis: \u201cO capitalismo produz crises como produz iPhones\u201d, mas o que veio a seguir \u00e9 pior"},"content":{"rendered":"<p>&#8220;O capitalismo morreu. Bem-vindos ao tecnofeudalismo.&#8221; A privatiza\u00e7\u00e3o da internet, a crise financeira de 2008 e a ascens\u00e3o das grandes plataformas digitais foram os combust\u00edveis para que, na opini\u00e3o de Yanis Varoufakis, surgisse uma nova era, um novo sistema econ\u00f3mico baseado na extra\u00e7\u00e3o de renda atrav\u00e9s do controlo algor\u00edtmico. O antigo ministro das Finan\u00e7as grego e professor de Economia na Universidade de Atenas chama-lhe tecnofeudalismo, no seu mais recente livro, com o mesmo nome. Isso coloca os cidad\u00e3os na posi\u00e7\u00e3o de servos da nuvem. Em entrevista ao Expresso, Varoufakis, doutorado em economia pela Universidade de Essex, pensador e acad\u00e9mico, garante que a democracia n\u00e3o sobrevive ao tecnofeudalismo.<\/p>\n<p><a href=\"https:\/\/expresso.pt\/subscrever?action=GEN&amp;channel=BAF&amp;type=CAP&amp;source=WEB&amp;returnUrl=https:\/\/expresso.pt\/economia\/sistema-financeiro\/2025-12-18-yanis-varoufakis-o-capitalismo-produz-crises-como-produz-iphones-mas-o-que-veio-a-seguir-e-pior-7cdee5c4&amp;utm_source=expresso&amp;utm_medium=locked_article&amp;locked=true&amp;article_id=620ba85c-017d-4997-8f4b-5d7090455c74&amp;author_id=Catarina+Maldonado+Vasconcelos,Gon\u00e7alo+Almeida&amp;category=Sistema+financeiro\" target=\"_self\" class=\"\" rel=\"nofollow noopener\">Subscrever<\/a>J\u00e1 \u00e9 Subscritor?Fa\u00e7a login e continue a ler<a href=\"http:\/\/expresso.pt\/codigo?redirectUrl=https:\/\/expresso.pt\/economia\/sistema-financeiro\/2025-12-18-yanis-varoufakis-o-capitalismo-produz-crises-como-produz-iphones-mas-o-que-veio-a-seguir-e-pior-7cdee5c4\" target=\"_self\" class=\"\" rel=\"nofollow noopener\">Inserir C\u00f3digo<\/a>Comprou o Expresso?Insira o c\u00f3digo presente na Revista E para continuar a ler<\/p>\n","protected":false},"excerpt":{"rendered":"&#8220;O capitalismo morreu. Bem-vindos ao tecnofeudalismo.&#8221; A privatiza\u00e7\u00e3o da internet, a crise financeira de 2008 e a ascens\u00e3o&hellip;\n","protected":false},"author":2,"featured_media":194106,"comment_status":"","ping_status":"","sticky":false,"template":"","format":"standard","meta":{"footnotes":""},"categories":[50],"tags":[27,28,15,16,14,25,26,21,22,62,12,13,19,20,23,24,17,18,29,30,31,63,64,65],"class_list":{"0":"post-194105","1":"post","2":"type-post","3":"status-publish","4":"format-standard","5":"has-post-thumbnail","7":"category-mundo","8":"tag-breaking-news","9":"tag-breakingnews","10":"tag-featured-news","11":"tag-featurednews","12":"tag-headlines","13":"tag-latest-news","14":"tag-latestnews","15":"tag-main-news","16":"tag-mainnews","17":"tag-mundo","18":"tag-news","19":"tag-noticias","20":"tag-noticias-principais","21":"tag-noticiasprincipais","22":"tag-principais-noticias","23":"tag-principaisnoticias","24":"tag-top-stories","25":"tag-topstories","26":"tag-ultimas","27":"tag-ultimas-noticias","28":"tag-ultimasnoticias","29":"tag-world","30":"tag-world-news","31":"tag-worldnews"},"share_on_mastodon":{"url":"https:\/\/pubeurope.com\/@pt\/115743515255881852","error":""},"_links":{"self":[{"href":"https:\/\/www.europesays.com\/pt\/wp-json\/wp\/v2\/posts\/194105","targetHints":{"allow":["GET"]}}],"collection":[{"href":"https:\/\/www.europesays.com\/pt\/wp-json\/wp\/v2\/posts"}],"about":[{"href":"https:\/\/www.europesays.com\/pt\/wp-json\/wp\/v2\/types\/post"}],"author":[{"embeddable":true,"href":"https:\/\/www.europesays.com\/pt\/wp-json\/wp\/v2\/users\/2"}],"replies":[{"embeddable":true,"href":"https:\/\/www.europesays.com\/pt\/wp-json\/wp\/v2\/comments?post=194105"}],"version-history":[{"count":0,"href":"https:\/\/www.europesays.com\/pt\/wp-json\/wp\/v2\/posts\/194105\/revisions"}],"wp:featuredmedia":[{"embeddable":true,"href":"https:\/\/www.europesays.com\/pt\/wp-json\/wp\/v2\/media\/194106"}],"wp:attachment":[{"href":"https:\/\/www.europesays.com\/pt\/wp-json\/wp\/v2\/media?parent=194105"}],"wp:term":[{"taxonomy":"category","embeddable":true,"href":"https:\/\/www.europesays.com\/pt\/wp-json\/wp\/v2\/categories?post=194105"},{"taxonomy":"post_tag","embeddable":true,"href":"https:\/\/www.europesays.com\/pt\/wp-json\/wp\/v2\/tags?post=194105"}],"curies":[{"name":"wp","href":"https:\/\/api.w.org\/{rel}","templated":true}]}}