{"id":194107,"date":"2025-12-19T00:57:34","date_gmt":"2025-12-19T00:57:34","guid":{"rendered":"https:\/\/www.europesays.com\/pt\/194107\/"},"modified":"2025-12-19T00:57:34","modified_gmt":"2025-12-19T00:57:34","slug":"casal-de-ladroes-traido-por-airpods-em-carro-roubado","status":"publish","type":"post","link":"https:\/\/www.europesays.com\/pt\/194107\/","title":{"rendered":"Casal de ladr\u00f5es tra\u00eddo por &#8220;airpods&#8221; em carro roubado"},"content":{"rendered":"<p data-remotead-prev-elm=\"true\" data-remotead-elm-id=\"inread\">Na tarde de ter\u00e7a-feira, a PSP foi alertada para o furto de um carro num posto de abastecimento de combust\u00edvel em Ovar. Dentro da viatura estavam uns &#8220;airpods&#8221; da Apple, com sistema de localiza\u00e7\u00e3o em tempo real, o que permitiu detetar o carro furtado no Bairro Pinheiro Torres, no Porto.<\/p>\n<p>De imediato foram desenvolvidas dilig\u00eancias que, poucas horas ap\u00f3s o furto, permitiram localizar e intercetar a viatura ainda naquele bairro. O condutor n\u00e3o obedeceu \u00e0 ordem de paragem e tentou colocar-se em fuga. Por\u00e9m, embateu num carro da PSP e foi detido, tal como a companheira.<\/p>\n<p>Ap\u00f3s dilig\u00eancias, a PSP apurou que, na desloca\u00e7\u00e3o entre Ovar e o Porto, os detidos realizaram um abastecimento de gasolina num posto de abastecimento em Arcozelo, Gaia, no valor de 20,15 euros. Tentaram pagar com um cart\u00e3o multibanco, mas, como este deu como &#8220;cancelado&#8221;, puseram-se em fuga.<\/p>\n<p data-remotead-prev-elm=\"true\" data-remotead-elm-id=\"centro1\">No interior do carro, estavam v\u00e1rios artigos furtados em duas lojas de Ovar: uma televis\u00e3o no valor de 190 euros, duas caixas, uma garrafa de licor beir\u00e3o, um chocolate, um creme hidratante, carnes embaladas com alarme e v\u00e1rios produtos de higiene, avaliados em cerca de 130 Euros.<\/p>\n<p>Os arguidos foram apresentados a primeiro interrogat\u00f3rio nesta manh\u00e3 de quinta-feira ao juiz de Instru\u00e7\u00e3o Criminal de Aveiro. O homem ficou em pris\u00e3o preventiva e a mulher sujeita a apresenta\u00e7\u00f5es peri\u00f3dicas \u00e0s autoridades.<\/p>\n<p>Em comunicado, a PSP do Porto sublinha o seu &#8220;servi\u00e7o de comunica\u00e7\u00f5es r\u00e1pido e eficiente que permite um alerta imediato a todos os seus Comandos e Unidades destacadas assim como \u00e0s restantes for\u00e7as de seguran\u00e7a. Quanto mais oportuna e r\u00e1pida for a a\u00e7\u00e3o de alerta \u00e0s Autoridades, maiores ser\u00e3o as possibilidades de \u00eaxito no combate \u00e0 delinqu\u00eancia&#8221;.<\/p>\n<p>A mesma fonte destaca tamb\u00e9m &#8220;a import\u00e2ncia do sistema de videovigil\u00e2ncia no desfecho positivo desta ocorr\u00eancia, tendo permitido monitorizar os movimentos dos suspeitos que levaram \u00e0 deten\u00e7\u00e3o dos mesmos&#8221;.<\/p>\n","protected":false},"excerpt":{"rendered":"Na tarde de ter\u00e7a-feira, a PSP foi alertada para o furto de um carro num posto de abastecimento&hellip;\n","protected":false},"author":2,"featured_media":194108,"comment_status":"","ping_status":"","sticky":false,"template":"","format":"standard","meta":{"footnotes":""},"categories":[10],"tags":[27,28,15,16,23160,14,603,25,26,21,22,12,13,19,20,30597,462,32,23,24,1306,33,17,18,29,30,31],"class_list":{"0":"post-194107","1":"post","2":"type-post","3":"status-publish","4":"format-standard","5":"has-post-thumbnail","7":"category-portugal","8":"tag-breaking-news","9":"tag-breakingnews","10":"tag-featured-news","11":"tag-featurednews","12":"tag-furtos","13":"tag-headlines","14":"tag-justica","15":"tag-latest-news","16":"tag-latestnews","17":"tag-main-news","18":"tag-mainnews","19":"tag-news","20":"tag-noticias","21":"tag-noticias-principais","22":"tag-noticiasprincipais","23":"tag-ovar","24":"tag-porto","25":"tag-portugal","26":"tag-principais-noticias","27":"tag-principaisnoticias","28":"tag-psp","29":"tag-pt","30":"tag-top-stories","31":"tag-topstories","32":"tag-ultimas","33":"tag-ultimas-noticias","34":"tag-ultimasnoticias"},"share_on_mastodon":{"url":"https:\/\/pubeurope.com\/@pt\/115743519093403714","error":""},"_links":{"self":[{"href":"https:\/\/www.europesays.com\/pt\/wp-json\/wp\/v2\/posts\/194107","targetHints":{"allow":["GET"]}}],"collection":[{"href":"https:\/\/www.europesays.com\/pt\/wp-json\/wp\/v2\/posts"}],"about":[{"href":"https:\/\/www.europesays.com\/pt\/wp-json\/wp\/v2\/types\/post"}],"author":[{"embeddable":true,"href":"https:\/\/www.europesays.com\/pt\/wp-json\/wp\/v2\/users\/2"}],"replies":[{"embeddable":true,"href":"https:\/\/www.europesays.com\/pt\/wp-json\/wp\/v2\/comments?post=194107"}],"version-history":[{"count":0,"href":"https:\/\/www.europesays.com\/pt\/wp-json\/wp\/v2\/posts\/194107\/revisions"}],"wp:featuredmedia":[{"embeddable":true,"href":"https:\/\/www.europesays.com\/pt\/wp-json\/wp\/v2\/media\/194108"}],"wp:attachment":[{"href":"https:\/\/www.europesays.com\/pt\/wp-json\/wp\/v2\/media?parent=194107"}],"wp:term":[{"taxonomy":"category","embeddable":true,"href":"https:\/\/www.europesays.com\/pt\/wp-json\/wp\/v2\/categories?post=194107"},{"taxonomy":"post_tag","embeddable":true,"href":"https:\/\/www.europesays.com\/pt\/wp-json\/wp\/v2\/tags?post=194107"}],"curies":[{"name":"wp","href":"https:\/\/api.w.org\/{rel}","templated":true}]}}