{"id":194113,"date":"2025-12-19T01:03:23","date_gmt":"2025-12-19T01:03:23","guid":{"rendered":"https:\/\/www.europesays.com\/pt\/194113\/"},"modified":"2025-12-19T01:03:23","modified_gmt":"2025-12-19T01:03:23","slug":"impensavel-marisa-nao-larga-conquista-desde-o-primeiro-dia-de-secret-story","status":"publish","type":"post","link":"https:\/\/www.europesays.com\/pt\/194113\/","title":{"rendered":"Impens\u00e1vel: Marisa n\u00e3o larga conquista&#8230; &#8220;desde o primeiro dia&#8221; de &#8220;Secret Story&#8221;!"},"content":{"rendered":"<p>Durante v\u00e1rias semanas, <a href=\"https:\/\/selfie.iol.pt\/famosos\/casa-dos-segredos\/fora-de-secret-story-ha-uma-novidade-importante-sobre-marisa-pires-e-a-familia-reage-fala-mais-alto-do-que-qualquer-coisa\/20251214\/693f27fcd34e2bd5c6d5186e\" target=\"_blank\" rel=\"nofollow noopener\">Marisa Pires<\/a> liderou o ranking de popularidade dos concorrentes da nona edi\u00e7\u00e3o de &#8220;Secret Story &#8211; Casa dos Segredos&#8221;, feito a partir da sondagem realizada semanalmente no perfil de Instagram do reality show da <a href=\"https:\/\/tvi.iol.pt\/\" target=\"_blank\" rel=\"nofollow noopener\">TVI<\/a>. Contudo, acabou por ser ultrapassada pelo companheiro, Pedro Jorge.<\/p>\n<p>Ainda assim, Marisa Pires nunca deixou de ocupar os lugares cimeiros da tabela &#8211; no mais recente, aparece na segunda posi\u00e7\u00e3o. &#8220;A nossa Marisa no p\u00f3dio, como sempre desde o primeiro dia. Semana ap\u00f3s semana, a nossa Marisa prova que \u00e9 aut\u00eantica, sens\u00edvel e verdadeira&#8221;, pode ler-se, numa mensagem publicada pela equipa da moradora da casa mais vigiada do Pa\u00eds.<\/p>\n<p>&#8220;Nunca saiu do p\u00f3dio porque nunca saiu do cora\u00e7\u00e3o de quem a acompanha. Mesmo nos momentos mais dif\u00edceis, manteve-se firme, fiel a ela pr\u00f3pria&#8221;, sublinharam ainda os representantes de Marisa Pires, na mesma rede social.<\/p>\n<p>Veja, agora, v\u00eddeos de <a href=\"https:\/\/selfie.iol.pt\/famosos\/casa-dos-segredos\/secret-story-segredo-de-marisa-descoberto-saiba-por-quem\/20251215\/693f56a9d34e2bd5c6d5196c\" target=\"_blank\" rel=\"nofollow noopener\">Marisa Pires<\/a> em &#8220;<a href=\"https:\/\/tvi.iol.pt\/secretstory\/\" target=\"_blank\" rel=\"nofollow noopener\">Secret Story<\/a> &#8211; Casa dos Segredos&#8221;.<\/p>\n<blockquote class=\"instagram-media\" data-instgrm-captioned=\"\" data-instgrm-permalink=\"https:\/\/www.instagram.com\/p\/DSaDNuxDQL6\/?utm_source=ig_embed&amp;utm_campaign=loading\" data-instgrm-version=\"14\" style=\" background:#FFF; border:0; border-radius:3px; box-shadow:0 0 1px 0 rgba(0,0,0,0.5),0 1px 10px 0 rgba(0,0,0,0.15); margin: 1px; max-width:540px; min-width:326px; padding:0; width:99.375%; width:-webkit-calc(100% - 2px); width:calc(100% - 2px);\">\n<\/blockquote>\n<p>\u00a0<\/p>\n<p>                        <script async src=\"\/\/www.instagram.com\/embed.js\"><\/script><\/p>\n","protected":false},"excerpt":{"rendered":"Durante v\u00e1rias semanas, Marisa Pires liderou o ranking de popularidade dos concorrentes da nona edi\u00e7\u00e3o de &#8220;Secret Story&hellip;\n","protected":false},"author":2,"featured_media":157774,"comment_status":"","ping_status":"","sticky":false,"template":"","format":"standard","meta":{"footnotes":""},"categories":[142],"tags":[2632,13471,114,115,980,1015,19184,21766,619,14646,21416,32,33,1014,1315,6985,16687,16686,1012,6986,16688,151,162],"class_list":{"0":"post-194113","1":"post","2":"type-post","3":"status-publish","4":"format-standard","5":"has-post-thumbnail","7":"category-tv","8":"tag-casa-dos-segredos","9":"tag-casa-dos-segredos-9","10":"tag-entertainment","11":"tag-entretenimento","12":"tag-famosos","13":"tag-instagram","14":"tag-marisa","15":"tag-marisa-pires","16":"tag-nacional","17":"tag-pedro","18":"tag-pedro-jorge","19":"tag-portugal","20":"tag-pt","21":"tag-reality-show","22":"tag-secret-story","23":"tag-secret-story-casa-dos-segredos","24":"tag-secret-story-casa-dos-segredos-9","25":"tag-secret-story-9","26":"tag-selfie","27":"tag-ss","28":"tag-ss9","29":"tag-tv","30":"tag-tvi"},"share_on_mastodon":{"url":"https:\/\/pubeurope.com\/@pt\/115743542842781511","error":""},"_links":{"self":[{"href":"https:\/\/www.europesays.com\/pt\/wp-json\/wp\/v2\/posts\/194113","targetHints":{"allow":["GET"]}}],"collection":[{"href":"https:\/\/www.europesays.com\/pt\/wp-json\/wp\/v2\/posts"}],"about":[{"href":"https:\/\/www.europesays.com\/pt\/wp-json\/wp\/v2\/types\/post"}],"author":[{"embeddable":true,"href":"https:\/\/www.europesays.com\/pt\/wp-json\/wp\/v2\/users\/2"}],"replies":[{"embeddable":true,"href":"https:\/\/www.europesays.com\/pt\/wp-json\/wp\/v2\/comments?post=194113"}],"version-history":[{"count":0,"href":"https:\/\/www.europesays.com\/pt\/wp-json\/wp\/v2\/posts\/194113\/revisions"}],"wp:featuredmedia":[{"embeddable":true,"href":"https:\/\/www.europesays.com\/pt\/wp-json\/wp\/v2\/media\/157774"}],"wp:attachment":[{"href":"https:\/\/www.europesays.com\/pt\/wp-json\/wp\/v2\/media?parent=194113"}],"wp:term":[{"taxonomy":"category","embeddable":true,"href":"https:\/\/www.europesays.com\/pt\/wp-json\/wp\/v2\/categories?post=194113"},{"taxonomy":"post_tag","embeddable":true,"href":"https:\/\/www.europesays.com\/pt\/wp-json\/wp\/v2\/tags?post=194113"}],"curies":[{"name":"wp","href":"https:\/\/api.w.org\/{rel}","templated":true}]}}