{"id":194123,"date":"2025-12-19T01:19:14","date_gmt":"2025-12-19T01:19:14","guid":{"rendered":"https:\/\/www.europesays.com\/pt\/194123\/"},"modified":"2025-12-19T01:19:14","modified_gmt":"2025-12-19T01:19:14","slug":"cimeira-ue-assinatura-do-acordo-com-mercosul-adiada-para-janeiro","status":"publish","type":"post","link":"https:\/\/www.europesays.com\/pt\/194123\/","title":{"rendered":"Cimeira UE. Assinatura do acordo com Mercosul adiada para janeiro"},"content":{"rendered":"<p>&#13;<br \/>\n<b>Ursula von der Leyen esperava assinar o acordo de com\u00e9rcio livre no s\u00e1bado, durante a cimeira do Mercosul na cidade brasileira de Foz do Igua\u00e7u. No entanto, necessitava da aprova\u00e7\u00e3o pr\u00e9via de uma maioria qualificada dos 27 Estados-membros em Bruxelas, o que n\u00e3o obteve, sobretudo devido \u00e0 oposi\u00e7\u00e3o da Fran\u00e7a e da It\u00e1lia.&#13;<br \/>\n<\/b>&#13;\n<\/p>\n<p>&#13;<br \/>\nO Mercosul \u00e9 constitu\u00eddo pelo Brasil, Argentina, Paraguai, Uruguai e Bol\u00edvia.&#13;\n<\/p>\n<p><b>O presidente brasileiro, Lula da Silva, abriu caminho a este adiamento algumas horas antes, ap\u00f3s um telefonema com a primeira-ministra italiana, Giorgia Meloni, que lhe pediu &#8220;paci\u00eancia&#8221;, assegurando-lhe que a It\u00e1lia acabaria por apoiar o acordo.<\/b><\/p>\n<p>Lula ia transmitir na cimeira de s\u00e1bado um pedido de Meloni para adiar a assinatura do acordo. &#8220;Ela disse-me que n\u00e3o se opunha; s\u00f3 precisa de resolver alguns problemas pol\u00edticos com os agricultores italianos, mas est\u00e1 confiante de que conseguir\u00e1 convenc\u00ea-los a aceitar o acordo&#8221;, disse o chefe de Estado do Brasil.\u00a0Um grupo de pa\u00edses, liderado pela Fran\u00e7a, rejeita o acordo, tendo a It\u00e1lia um papel decisivo para que haja uma minoria de bloqueio, dado que \u00e9 preciso uma representa\u00e7\u00e3o de 65 por cento da popula\u00e7\u00e3o da UE.<\/p>\n<p><b>Este novo adiamento representa um rev\u00e9s para a Comiss\u00e3o Europeia, a Alemanha e a Espanha, que estavam a pressionar para a assinatura do acordo nos pr\u00f3ximos dias. <\/b><\/p>\n<p>Negociado ao longo de mais de 25 anos, este acordo de com\u00e9rcio livre permitiria \u00e0 UE exportar mais ve\u00edculos, m\u00e1quinas, vinhos e bebidas alco\u00f3licas para a Argentina, Brasil, Paraguai e Uruguai. Em contrapartida, facilitaria a entrada na Europa de carne, a\u00e7\u00facar, arroz, mel e soja sul-americanos, alarmando os setores envolvidos.\u00a0&#13;\n<\/p>\n<p><b>O bloco sul-americano tem pressionado pela assinatura do acordo, sob a amea\u00e7a de dar prioridade a outras geografias nas rela\u00e7\u00f5es comerciais.<\/b><\/p>\n<p>&#8220;Se [o acordo] n\u00e3o for conclu\u00eddo, n\u00e3o h\u00e1 mais nada a negociar e vamos direcionar a nossa aten\u00e7\u00e3o e energia para outros parceiros importantes que est\u00e3o na fila&#8221;, afirmou o ministro dos Neg\u00f3cios Estrangeiros do Brasil, Mauro Vieira, alertando que passar\u00e3o a dar prioridade \u00e0s negocia\u00e7\u00f5es comerciais com aqueles que demonstraram um &#8220;grande interesse&#8221; em estreitar la\u00e7os com o Mercosul.<\/p>\n<p>Mauro Vieira atribuiu a rejei\u00e7\u00e3o de Fran\u00e7a e It\u00e1lia \u00e0s press\u00f5es dos setores agr\u00edcolas, que temem perder mercado e competitividade face aos produtos do Mercosul, integrado pela Argentina, Brasil, Uruguai e Paraguai, com a Bol\u00edvia em processo de ades\u00e3o.<br \/>&#13;<br \/>\nAgricultores em protesto<br \/>&#13;<br \/>\nEnquanto decorria a cimeira, milhares de agricultores manifestavam-se em Bruxelas contra o acordo com o Mercosul.&#13;\n<\/p>\n<p>&#13;<br \/>\nPneus em chamas, batatas e outros objetos foram arremessados, sendo recebidos com jatos de \u00e1gua e g\u00e1s lacrimog\u00e9neo pela pol\u00edcia. A situa\u00e7\u00e3o era particularmente tensa em torno das institui\u00e7\u00f5es europeias, que estavam protegidas por uma forte presen\u00e7a policial.&#13;\n<\/p>\n<p>&#13;<br \/>\n<b>Segundo a pol\u00edcia de Bruxelas, 7.300 pessoas, com cerca de meia centena de tratores, participaram na manifesta\u00e7\u00e3o autorizada, <\/b>que foi maioritariamente pac\u00edfica. Centenas de tratores bloquearam estradas de acesso \u00e0 capital belga.&#13;\n<\/p>\n<p>&#13;<br \/>\n<br \/>&#13;<br \/>\nNo in\u00edcio da semana, o Parlamento Europeu aprovou as cl\u00e1usulas de salvaguarda para os produtores europeus, que inclui a monitoriza\u00e7\u00e3o das flutua\u00e7\u00f5es do mercado e a possibilidade de aplicar taxas alfandeg\u00e1rias unilaterais para evitar que os produtores dos 27 sejam prejudicados pelas importa\u00e7\u00f5es provenientes dos pa\u00edses do Mercosul. <b><br \/>&#13;<br \/>\n<\/b>&#13;\n<\/p>\n<p>&#13;<br \/>\n<b>Mesmo assim, os pa\u00edses sul-americanos do Mercosul s\u00e3o acusados \u200b\u200bpor muitos agricultores europeus de n\u00e3o respeitarem as normas ambientais e sociais a que eles pr\u00f3prios est\u00e3o sujeitos, criando assim uma oportunidade para vender produtos mais baratos.<\/b>&#13;\n<\/p>\n<p>&#13;<br \/>\nOs agricultores contestam tamb\u00e9m a proposta da Comiss\u00e3o Europeia para a pr\u00f3xima Pol\u00edtica Agr\u00edcola Comum (PAC), que prev\u00ea cortes no or\u00e7amento.&#13;\n<\/p>\n<p>&#13;<br \/>\nc\/ag\u00eancias&#13;<\/p>\n","protected":false},"excerpt":{"rendered":"&#13; Ursula von der Leyen esperava assinar o acordo de com\u00e9rcio livre no s\u00e1bado, durante a cimeira do&hellip;\n","protected":false},"author":2,"featured_media":194124,"comment_status":"","ping_status":"","sticky":false,"template":"","format":"standard","meta":{"footnotes":""},"categories":[50],"tags":[38827,27,28,15,16,14,25,26,21,22,4622,62,12,13,19,20,23,24,17,18,1977,29,30,31,63,64,65],"class_list":{"0":"post-194123","1":"post","2":"type-post","3":"status-publish","4":"format-standard","5":"has-post-thumbnail","7":"category-mundo","8":"tag-agricultores","9":"tag-breaking-news","10":"tag-breakingnews","11":"tag-featured-news","12":"tag-featurednews","13":"tag-headlines","14":"tag-latest-news","15":"tag-latestnews","16":"tag-main-news","17":"tag-mainnews","18":"tag-mercosul","19":"tag-mundo","20":"tag-news","21":"tag-noticias","22":"tag-noticias-principais","23":"tag-noticiasprincipais","24":"tag-principais-noticias","25":"tag-principaisnoticias","26":"tag-top-stories","27":"tag-topstories","28":"tag-ue","29":"tag-ultimas","30":"tag-ultimas-noticias","31":"tag-ultimasnoticias","32":"tag-world","33":"tag-world-news","34":"tag-worldnews"},"share_on_mastodon":{"url":"https:\/\/pubeurope.com\/@pt\/115743605592031983","error":""},"_links":{"self":[{"href":"https:\/\/www.europesays.com\/pt\/wp-json\/wp\/v2\/posts\/194123","targetHints":{"allow":["GET"]}}],"collection":[{"href":"https:\/\/www.europesays.com\/pt\/wp-json\/wp\/v2\/posts"}],"about":[{"href":"https:\/\/www.europesays.com\/pt\/wp-json\/wp\/v2\/types\/post"}],"author":[{"embeddable":true,"href":"https:\/\/www.europesays.com\/pt\/wp-json\/wp\/v2\/users\/2"}],"replies":[{"embeddable":true,"href":"https:\/\/www.europesays.com\/pt\/wp-json\/wp\/v2\/comments?post=194123"}],"version-history":[{"count":0,"href":"https:\/\/www.europesays.com\/pt\/wp-json\/wp\/v2\/posts\/194123\/revisions"}],"wp:featuredmedia":[{"embeddable":true,"href":"https:\/\/www.europesays.com\/pt\/wp-json\/wp\/v2\/media\/194124"}],"wp:attachment":[{"href":"https:\/\/www.europesays.com\/pt\/wp-json\/wp\/v2\/media?parent=194123"}],"wp:term":[{"taxonomy":"category","embeddable":true,"href":"https:\/\/www.europesays.com\/pt\/wp-json\/wp\/v2\/categories?post=194123"},{"taxonomy":"post_tag","embeddable":true,"href":"https:\/\/www.europesays.com\/pt\/wp-json\/wp\/v2\/tags?post=194123"}],"curies":[{"name":"wp","href":"https:\/\/api.w.org\/{rel}","templated":true}]}}