{"id":194143,"date":"2025-12-19T01:41:19","date_gmt":"2025-12-19T01:41:19","guid":{"rendered":"https:\/\/www.europesays.com\/pt\/194143\/"},"modified":"2025-12-19T01:41:19","modified_gmt":"2025-12-19T01:41:19","slug":"gouveia-e-melo-reconhece-que-nao-esta-nem-estava-preparado-para-os-debates-em-que-tem-participado-nas-televisoes","status":"publish","type":"post","link":"https:\/\/www.europesays.com\/pt\/194143\/","title":{"rendered":"Gouveia e Melo reconhece que &#8220;n\u00e3o est\u00e1 nem estava preparado&#8221; para os debates em que tem participado nas televis\u00f5es"},"content":{"rendered":"<p>\t                Nas mesmas declara\u00e7\u00f5es alertou para o estado da democracia em Portugal<\/p>\n<p>O almirante Gouveia Melo alertou esta quinta-feira para a situa\u00e7\u00e3o \u201cpantanosa\u201d em que Portugal vive, considerando que a democracia est\u00e1 a mostrar \u201csinais de fadiga\u201d, de que os votos dos portugueses s\u00e3o exemplo.<\/p>\n<p>Numa interven\u00e7\u00e3o no Internacional Club de Portugal, em Lisboa, o candidato presidencial recorreu \u00e0 express\u00e3o do ex-primeiro-ministro Ant\u00f3nio Guterres para dizer que o p\u00e2ntano tem &#8220;\u00e1guas estagnadas que est\u00e3o a apodrecer a democracia\u201d.<\/p>\n<p>Referindo-se ao seu pr\u00f3prio exemplo, Gouveia e Melo afirmou que quando quis \u201cparticipar\u201d da democracia, foi \u201catacado por todos no sistema\u201d. Para o almirante, o sistema s\u00e3o os partidos que &#8211; repetiu &#8211; s\u00e3o essenciais na governa\u00e7\u00e3o e na Assembleia da Rep\u00fablica, mas representam uma l\u00f3gica que est\u00e1 ali representada mas que n\u00e3o deve ser transposta para a presid\u00eancia da Rep\u00fablica.<\/p>\n<p>\u201cO Presidente n\u00e3o pode ser uma pessoa de fa\u00e7\u00e3o\u201d, disse, considerando que alguns candidatos n\u00e3o t\u00eam \u201ca dimens\u00e3o de um Cavaco Silva, M\u00e1rio Soares ou at\u00e9 Jorge Sampaio\u201d, nem foram \u201cvencedores\u201d nos respetivos partidos.<\/p>\n<p>\u201cA minha candidatura \u00e9 suprapartid\u00e1ria e independente da l\u00f3gica fraturante partid\u00e1ria\u201d, destacou, explicando que um presidente tem de unir todos os portugueses e n\u00e3o trazer a ideologia para a presid\u00eancia.<\/p>\n<p>Segundo o candidato, a pol\u00edtica portuguesa est\u00e1 \u201cdesbalanceada\u201d, porque antes havia um fulcro central e \u201choje parece que s\u00f3 se quer marchar com a perna direita, quando precisamos de todo o pa\u00eds\u201d, disse, acrescentando que o sistema pol\u00edtico est\u00e1 fracionado em tr\u00eas grandes partidos, o que o faz prever problemas de governa\u00e7\u00e3o num futuro pr\u00f3ximo.<\/p>\n<p>O candidato reconheceu ainda que \u201cn\u00e3o est\u00e1 nem estava preparado\u201d para os debates em que tem participado nas televis\u00f5es, e nos quais \u201cse discute tudo e mais alguma coisa, mas n\u00e3o o futuro de Portugal\u201d.<\/p>\n<p>\u201cUm coisa que me aborrece nos debates s\u00e3o os arranques ret\u00f3ricos e sem conte\u00fado\u201d, em que \u201cuma rea\u00e7\u00e3o ou resposta mais repentina mas vazia\u201d \u00e9 muito valorizada, confessou.<\/p>\n<p>Falando sobre a situa\u00e7\u00e3o internacional, o almirante manifestou-se preocupado com a falta de prepara\u00e7\u00e3o e planeamento de Portugal perante os atuais perigos, em particular da \u201cm\u00e1quina de guerra\u201d da R\u00fassia que a qualquer momento pode implicar a NATO.<\/p>\n<p>Segundo o candidato, Portugal vai gastar em equipamentos sem antes planear as suas necessidades, investindo em centros industriais de certos pa\u00edses, o que vai agravar o fosso de desenvolvimento nesta mat\u00e9ria entre os pa\u00edses mais e menos desenvolvidos, como \u00e9 o caso de Portugal.<\/p>\n<p>Gouveia e Melo considerou ainda a proposta de lei laboral \u201cuma inutilidade\u201d e manifestou-se a favor da lei do l\u00f3bi, porque \u2013 disse &#8211; \u00e9 a favor da regula\u00e7\u00e3o e que seja claro quem faz o qu\u00ea e por que o faz.<\/p>\n<p>Questionado sobre como tencionaria agir em favor de uma reforma da justi\u00e7a, disse que a forma de ajudar \u00e9 a \u201cpress\u00e3o constante\u201d. Na sua interven\u00e7\u00e3o inicial, o almirante tinha criticado a justi\u00e7a por \u201cintervir cada vez mais na pol\u00edtica\u201d, mediante \u201cprocessos que deixam d\u00favidas\u201d.<\/p>\n","protected":false},"excerpt":{"rendered":"Nas mesmas declara\u00e7\u00f5es alertou para o estado da democracia em Portugal O almirante Gouveia Melo alertou esta quinta-feira&hellip;\n","protected":false},"author":2,"featured_media":194144,"comment_status":"","ping_status":"","sticky":false,"template":"","format":"standard","meta":{"footnotes":""},"categories":[10],"tags":[609,836,611,27,28,607,608,333,832,604,5662,135,610,476,15,16,9498,301,830,14,603,25,26,570,21,22,831,833,62,834,12,13,19,20,835,602,52,32,1076,1963,23,24,33,17,18,29,30,31],"class_list":{"0":"post-194143","1":"post","2":"type-post","3":"status-publish","4":"format-standard","5":"has-post-thumbnail","7":"category-portugal","8":"tag-alerta","9":"tag-analise","10":"tag-ao-minuto","11":"tag-breaking-news","12":"tag-breakingnews","13":"tag-cnn","14":"tag-cnn-portugal","15":"tag-comentadores","16":"tag-costa","17":"tag-crime","18":"tag-debates","19":"tag-desporto","20":"tag-direto","21":"tag-economia","22":"tag-featured-news","23":"tag-featurednews","24":"tag-gouveia-e-melo","25":"tag-governo","26":"tag-guerra","27":"tag-headlines","28":"tag-justica","29":"tag-latest-news","30":"tag-latestnews","31":"tag-live","32":"tag-main-news","33":"tag-mainnews","34":"tag-mais-vistas","35":"tag-marcelo","36":"tag-mundo","37":"tag-negocios","38":"tag-news","39":"tag-noticias","40":"tag-noticias-principais","41":"tag-noticiasprincipais","42":"tag-opiniao","43":"tag-pais","44":"tag-politica","45":"tag-portugal","46":"tag-presidenciais-2026","47":"tag-presidente-da-republica","48":"tag-principais-noticias","49":"tag-principaisnoticias","50":"tag-pt","51":"tag-top-stories","52":"tag-topstories","53":"tag-ultimas","54":"tag-ultimas-noticias","55":"tag-ultimasnoticias"},"share_on_mastodon":{"url":"","error":"Validation failed: Text character limit of 500 exceeded"},"_links":{"self":[{"href":"https:\/\/www.europesays.com\/pt\/wp-json\/wp\/v2\/posts\/194143","targetHints":{"allow":["GET"]}}],"collection":[{"href":"https:\/\/www.europesays.com\/pt\/wp-json\/wp\/v2\/posts"}],"about":[{"href":"https:\/\/www.europesays.com\/pt\/wp-json\/wp\/v2\/types\/post"}],"author":[{"embeddable":true,"href":"https:\/\/www.europesays.com\/pt\/wp-json\/wp\/v2\/users\/2"}],"replies":[{"embeddable":true,"href":"https:\/\/www.europesays.com\/pt\/wp-json\/wp\/v2\/comments?post=194143"}],"version-history":[{"count":0,"href":"https:\/\/www.europesays.com\/pt\/wp-json\/wp\/v2\/posts\/194143\/revisions"}],"wp:featuredmedia":[{"embeddable":true,"href":"https:\/\/www.europesays.com\/pt\/wp-json\/wp\/v2\/media\/194144"}],"wp:attachment":[{"href":"https:\/\/www.europesays.com\/pt\/wp-json\/wp\/v2\/media?parent=194143"}],"wp:term":[{"taxonomy":"category","embeddable":true,"href":"https:\/\/www.europesays.com\/pt\/wp-json\/wp\/v2\/categories?post=194143"},{"taxonomy":"post_tag","embeddable":true,"href":"https:\/\/www.europesays.com\/pt\/wp-json\/wp\/v2\/tags?post=194143"}],"curies":[{"name":"wp","href":"https:\/\/api.w.org\/{rel}","templated":true}]}}