{"id":194157,"date":"2025-12-19T01:57:10","date_gmt":"2025-12-19T01:57:10","guid":{"rendered":"https:\/\/www.europesays.com\/pt\/194157\/"},"modified":"2025-12-19T01:57:10","modified_gmt":"2025-12-19T01:57:10","slug":"dr-morte-ou-heroi-da-ressuscitacao-anestesista-frances-condenado-com-prisao-perpetua-por-matar-12-pacientes","status":"publish","type":"post","link":"https:\/\/www.europesays.com\/pt\/194157\/","title":{"rendered":"&#8220;Dr. Morte&#8221; ou her\u00f3i da ressuscita\u00e7\u00e3o. Anestesista franc\u00eas condenado com pris\u00e3o perp\u00e9tua por matar 12 pacientes"},"content":{"rendered":"<p>&#13;<br \/>\n<b>Aos 53 anos, o anestesista Fr\u00e9d\u00e9ric P\u00e9chier vai cumprir uma pena de pris\u00e3o at\u00e9 ao fim dos seus dias.\u00a0&#13;<br \/>\n<\/b>&#13;\n<\/p>\n<p>&#13;<br \/>\nEsta quinta-feira, na barra do tribunal de Besan\u00e7on, a leste da Fran\u00e7a, <b>P\u00e9chier foi dado como culpado por envenenar intencionalmente 30 pacientes, dos quais morreram. <\/b><br \/>&#13;\n<\/p>\n<p>Ao longo da investiga\u00e7\u00e3o foram analisados mais de 70 relat\u00f3rios de \u201ceventos adversos graves\u201d, terminologia m\u00e9dica para complica\u00e7\u00f5es inesperadas ou mortes entre os pacientes. Foi tamb\u00e9m possivel proceder-se \u00e0 <b>exuma\u00e7\u00e3o de falecidos onde se encontraram vest\u00edgios de mepivaca\u00edna e lidoca\u00edna dos tecidos, ambos anest\u00e9sicos.<\/b><\/p>\n<p>&#13;<br \/>\nAs v\u00edtimas de envenenamento tinham entre<b> quatro e 89 anos.<\/b><br \/>&#13;<br \/>\n\u201cAssassino em s\u00e9rie\u201d<br \/>&#13;<br \/>\nO julgamento durou tr\u00eas meses.&#13;\n<\/p>\n<p>&#13;<br \/>\nA procuradora Christine de Curraize afirmou que P\u00e9chier era um <b>\u201cassassino em s\u00e9rie\u201d que e tinha uma mente \u201caltamente conturbada\u201d,  adulterando embalagens de paracetamol e de anestesias de outros m\u00e9dicos para intoxicar os pacientes durante a administra\u00e7\u00e3o do f\u00e1rmaco, desencadeando ataques card\u00edacos.&#13;<br \/>\n<\/b>&#13;\n<\/p>\n<p>&#13;<br \/>\nOutra procuradora, Teresa Brunisso, descreveu P\u00e9chier  como &#8220;<b>um criminoso que usou medicamentos para matar&#8221;. <br \/>&#13;<br \/>\n<\/b>&#13;\n<\/p>\n<p>&#13;<br \/>\n<br \/>&#13;<br \/>\nEntre as raz\u00f5es apontadas para as a\u00e7\u00f5es criminosas do anestesista, estava  a \u201c<b>necessidade de poder\u201d.<\/b>&#13;\n<\/p>\n<p>&#13;<br \/>\nCurraize e Brunisso argumentaram que P\u00e9chier, <b>ap\u00f3s o envenenamento, intervinha para ressuscitar pacientes \u201cpara se passar por her\u00f3i\u201d.&#13;<br \/>\n<\/b>&#13;\n<\/p>\n<p>&#13;<br \/>\nTamb\u00e9m agia com intens\u00e3o de \u201cprejudicar e desacreditar\u201d os colegas de trabalho com quem mantinha uma rela\u00e7\u00e3o de \u201ccompeti\u00e7\u00e3o ou conflito\u201d com o objetivo de faz\u00ea-los \u201cparecer incompetentes\u201d.&#13;\n<\/p>\n<p>&#13;<br \/>\nBrunisso deixou claro que os crimes de P\u00e9chier visavam \u201ca morte f\u00edsica do paciente\u201d, mas tamb\u00e9m \u201co ataque psicol\u00f3gico lento e insidioso contra os seus colegas\u201d.&#13;\n<\/p>\n<p>&#13;<br \/>\nO envenenamento  dos pacientes tamb\u00e9m seria usado por P\u00e9chier para atenuar os pr\u00f3prios sentimentos de &#8220;inadequa\u00e7\u00e3o e frustra\u00e7\u00f5es&#8221;. <b>&#8220;Matar tornou-se um modo de vida\u201d<\/b>, declarou Curraize.<br \/>&#13;<br \/>\nPesadelo das v\u00edtimas<br \/>&#13;\n<\/p>\n<p>&#13;<br \/>\nP\u00e9chier trabalhou em duas cl\u00ednicas privadas onde os pacientes registaram paragens card\u00edacas em circunst\u00e2ncias suspeitas entre 2008 e 2017.&#13;\n<\/p>\n<p>&#13;<br \/>\nA v\u00edtima mais jovem de P\u00e9chier foi uma crian\u00e7a de quatro anos identificada como Tedy. <b> Em 2016, a crian\u00e7a acabou por sobreviveu a duas paragens card\u00edacas durante uma opera\u00e7\u00e3o de rotina \u00e0s am\u00edgdalas.&#13;<br \/>\n<\/b>&#13;\n<\/p>\n<p>&#13;<br \/>\nO pai do menino, Herv\u00e9 Hoerter Tarby, testemunhou em tribunal explicando \u201co pesadelo\u201d. \u201cConfi\u00e1mos na medicina e sentimo-nos tra\u00eddos\u201d, disse Tarby.&#13;\n<\/p>\n<p>&#13;<br \/>\nAcrescentou que o filho passou dois dias em coma com a m\u00e3e ajoelhada ao lado da cama a rezar. A fam\u00edlia acusou P\u00e9chier de ter usado o menino como objeto para \u201csomar melhores resultados\u201d entre o grupo de m\u00e9dicos. \u201c\u00c9 desumano, \u00e9 vil\u201d, concluiu. <br \/>&#13;\n<\/p>\n<p>&#13;<br \/>\nUma outra v\u00edtima, Sandra Simard, tinha 36 anos em 2017. Ao ser submetida a uma opera\u00e7\u00e3o de rotina \u00e0s costas, o cora\u00e7\u00e3o parou e ficou em coma durante v\u00e1rios dias, deixando sequelas para a vida.&#13;\n<\/p>\n<p>&#13;<br \/>\nFoi ent\u00e3o detetada que a embalagem da anestesia foi adulterada. <br \/>&#13;\n<\/p>\n<p>\u201cO meu corpo inteiro doi. \u00c9 como se eu vivesse no corpo de uma pessoa idosa\u201d, testemunhou Simard no tribunal mostrando a bengala. Mesmo perante o sofrimento, Sandra pensa: \u201cN\u00e3o posso reclamar, porque pelo menos estou viva\u201d.<\/p>\n<p>&#13;<br \/>\nMorgane Richard, advogada de v\u00e1rias v\u00edtimas, disse ao tribunal que P\u00e9chier usou pacientes como \u201ccarne para canh\u00e3o, transformando-os em arma de arremesso\u201d.\u00a0&#13;<br \/>\n&#13;\n<\/p>\n<p>&#13;<br \/>\n<b>&#8220;Ningu\u00e9m consegue imaginar ser intencionalmente morto por um m\u00e9dico&#8221;<\/b>, disse Richard ao j\u00fari.&#13;\n<\/p>\n<p>&#8220;As consequ\u00eancias para cada fam\u00edlia s\u00e3o terr\u00edveis&#8221; sublinhou. Acusou ainda P\u00e9chier de ter feito \u201cexperi\u00eancias proibidas e de ter brincado com a vida dos pacientes&#8221;, transformando &#8220;um local de cuidado num lugar de morte&#8221;.<\/p>\n<p>&#13;<br \/>\nQuando foi dada a palavra a P\u00e9chier, este negou qualquer acusa\u00e7\u00e3o, dizendo ao tribunal: \u201cNunca envenenei ningu\u00e9m, eu n\u00e3o sou um envenenador\u201d. O acusado \u00e9 filho de anestesista, teve uma educa\u00e7\u00e3o privilegiada, foi casado com uma cardiologista e \u00e9 pai de tr\u00eas filhos.&#13;\n<\/p>\n<p><b>P\u00e9chier que tem agora dez dias para apelar.<\/b><\/p>\n","protected":false},"excerpt":{"rendered":"&#13; Aos 53 anos, o anestesista Fr\u00e9d\u00e9ric P\u00e9chier vai cumprir uma pena de pris\u00e3o at\u00e9 ao fim dos&hellip;\n","protected":false},"author":2,"featured_media":194158,"comment_status":"","ping_status":"","sticky":false,"template":"","format":"standard","meta":{"footnotes":""},"categories":[50],"tags":[38908,38909,38910,27,28,6893,15,16,38800,14,25,26,21,22,11873,62,12,13,19,20,23,24,38803,17,18,29,30,31,63,64,65],"class_list":{"0":"post-194157","1":"post","2":"type-post","3":"status-publish","4":"format-standard","5":"has-post-thumbnail","7":"category-mundo","8":"tag-anestesista","9":"tag-assassino","10":"tag-besancon","11":"tag-breaking-news","12":"tag-breakingnews","13":"tag-envenenamento","14":"tag-featured-news","15":"tag-featurednews","16":"tag-frederic-pechier","17":"tag-headlines","18":"tag-latest-news","19":"tag-latestnews","20":"tag-main-news","21":"tag-mainnews","22":"tag-medico","23":"tag-mundo","24":"tag-news","25":"tag-noticias","26":"tag-noticias-principais","27":"tag-noticiasprincipais","28":"tag-principais-noticias","29":"tag-principaisnoticias","30":"tag-prisao-perpetua","31":"tag-top-stories","32":"tag-topstories","33":"tag-ultimas","34":"tag-ultimas-noticias","35":"tag-ultimasnoticias","36":"tag-world","37":"tag-world-news","38":"tag-worldnews"},"share_on_mastodon":{"url":"","error":"Validation failed: Text character limit of 500 exceeded"},"_links":{"self":[{"href":"https:\/\/www.europesays.com\/pt\/wp-json\/wp\/v2\/posts\/194157","targetHints":{"allow":["GET"]}}],"collection":[{"href":"https:\/\/www.europesays.com\/pt\/wp-json\/wp\/v2\/posts"}],"about":[{"href":"https:\/\/www.europesays.com\/pt\/wp-json\/wp\/v2\/types\/post"}],"author":[{"embeddable":true,"href":"https:\/\/www.europesays.com\/pt\/wp-json\/wp\/v2\/users\/2"}],"replies":[{"embeddable":true,"href":"https:\/\/www.europesays.com\/pt\/wp-json\/wp\/v2\/comments?post=194157"}],"version-history":[{"count":0,"href":"https:\/\/www.europesays.com\/pt\/wp-json\/wp\/v2\/posts\/194157\/revisions"}],"wp:featuredmedia":[{"embeddable":true,"href":"https:\/\/www.europesays.com\/pt\/wp-json\/wp\/v2\/media\/194158"}],"wp:attachment":[{"href":"https:\/\/www.europesays.com\/pt\/wp-json\/wp\/v2\/media?parent=194157"}],"wp:term":[{"taxonomy":"category","embeddable":true,"href":"https:\/\/www.europesays.com\/pt\/wp-json\/wp\/v2\/categories?post=194157"},{"taxonomy":"post_tag","embeddable":true,"href":"https:\/\/www.europesays.com\/pt\/wp-json\/wp\/v2\/tags?post=194157"}],"curies":[{"name":"wp","href":"https:\/\/api.w.org\/{rel}","templated":true}]}}