{"id":194168,"date":"2025-12-19T02:06:14","date_gmt":"2025-12-19T02:06:14","guid":{"rendered":"https:\/\/www.europesays.com\/pt\/194168\/"},"modified":"2025-12-19T02:06:14","modified_gmt":"2025-12-19T02:06:14","slug":"psg-iguala-marca-de-barcelona-e-bayern-munique-no-topo-do-futebol-mundial","status":"publish","type":"post","link":"https:\/\/www.europesays.com\/pt\/194168\/","title":{"rendered":"PSG iguala marca de Barcelona e Bayern Munique no topo do futebol mundial"},"content":{"rendered":"<p>                A Ta\u00e7a Intercontinental, disputada entre os detentores dos trof\u00e9us da Liga dos Campe\u00f5es e da Libertadores, teve vencedor europeu.\u00a0<\/p>\n<p>Para fechar as contas deste ano, o Paris Saint-Germain bateu o Flamengo por 2-1 no desempate em grandes penalidades, numa tarde de sonho para o guarda-redes Safonov, e chegou aos seis t\u00edtulos em 2025.<\/p>\n<p>S\u00f3 o Barcelona de Pep Guardiola e o Bayern Munique, sob o comando t\u00e9cnico de Hansi Flick, tinham chegado a estes n\u00fameros, mas sem nenhum portugu\u00eas nos plant\u00e9is.<\/p>\n<p>Em 2009, o Barcelona conquistou o triplete, vencendo La Liga, Ta\u00e7a do Rei e Liga dos Campe\u00f5es. A estes trof\u00e9us somou as Superta\u00e7as espanhola e europeia e o antigo Mundial de Clubes.\u00a0<\/p>\n<p>J\u00e1 em 2020, o Bayern dominou o futebol europeu e mundial, goleando o Barcelona por 8-2 (agg) nos dois jogos das meias-finais da Liga dos Campe\u00f5es, disputados em Lisboa. A ta\u00e7a da prova milion\u00e1ria foi finalmente erguida ap\u00f3s bater o PSG na final, por 1-0.\u00a0<\/p>\n<p>Na Alemanha, os b\u00e1varos venceram Bundesliga, Ta\u00e7a da Alemanha e Superta\u00e7a, para al\u00e9m da Superta\u00e7a europeia e a antiga vers\u00e3o do Mundial de Clubes, disputado apenas entre o campe\u00e3o da Champions e da Libertadores.<\/p>\n<p>\u00c0 nova conquista, o PSG somou os anteriores trof\u00e9us da liga francesa, Ta\u00e7a de Fran\u00e7a, Superta\u00e7a francesa, disputada logo no in\u00edcio do ano, Liga dos Campe\u00f5es e Superta\u00e7a europeia.<\/p>\n<p>Esta poderia ter sido, no entanto, a s\u00e9tima conquista de 2025 para o PSG repleto de portugueses. Considerado verdadeiramente impar\u00e1vel, o emblema franc\u00eas apenas saiu derrotado na final do novo mundial de clubes, em julho, frente ao Chelsea. &#13;\n            <\/p>\n","protected":false},"excerpt":{"rendered":"A Ta\u00e7a Intercontinental, disputada entre os detentores dos trof\u00e9us da Liga dos Campe\u00f5es e da Libertadores, teve vencedor&hellip;\n","protected":false},"author":2,"featured_media":194169,"comment_status":"","ping_status":"","sticky":false,"template":"","format":"standard","meta":{"footnotes":""},"categories":[87],"tags":[135,13,32,33,420,421,134],"class_list":{"0":"post-194168","1":"post","2":"type-post","3":"status-publish","4":"format-standard","5":"has-post-thumbnail","7":"category-desporto","8":"tag-desporto","9":"tag-noticias","10":"tag-portugal","11":"tag-pt","12":"tag-rtp","13":"tag-rtp-noticias","14":"tag-sports"},"share_on_mastodon":{"url":"https:\/\/pubeurope.com\/@pt\/115743790465856785","error":""},"_links":{"self":[{"href":"https:\/\/www.europesays.com\/pt\/wp-json\/wp\/v2\/posts\/194168","targetHints":{"allow":["GET"]}}],"collection":[{"href":"https:\/\/www.europesays.com\/pt\/wp-json\/wp\/v2\/posts"}],"about":[{"href":"https:\/\/www.europesays.com\/pt\/wp-json\/wp\/v2\/types\/post"}],"author":[{"embeddable":true,"href":"https:\/\/www.europesays.com\/pt\/wp-json\/wp\/v2\/users\/2"}],"replies":[{"embeddable":true,"href":"https:\/\/www.europesays.com\/pt\/wp-json\/wp\/v2\/comments?post=194168"}],"version-history":[{"count":0,"href":"https:\/\/www.europesays.com\/pt\/wp-json\/wp\/v2\/posts\/194168\/revisions"}],"wp:featuredmedia":[{"embeddable":true,"href":"https:\/\/www.europesays.com\/pt\/wp-json\/wp\/v2\/media\/194169"}],"wp:attachment":[{"href":"https:\/\/www.europesays.com\/pt\/wp-json\/wp\/v2\/media?parent=194168"}],"wp:term":[{"taxonomy":"category","embeddable":true,"href":"https:\/\/www.europesays.com\/pt\/wp-json\/wp\/v2\/categories?post=194168"},{"taxonomy":"post_tag","embeddable":true,"href":"https:\/\/www.europesays.com\/pt\/wp-json\/wp\/v2\/tags?post=194168"}],"curies":[{"name":"wp","href":"https:\/\/api.w.org\/{rel}","templated":true}]}}