{"id":194172,"date":"2025-12-19T02:11:15","date_gmt":"2025-12-19T02:11:15","guid":{"rendered":"https:\/\/www.europesays.com\/pt\/194172\/"},"modified":"2025-12-19T02:11:15","modified_gmt":"2025-12-19T02:11:15","slug":"autoridades-espanholas-fazem-buscas-em-laboratorio-investigado-por-peste-suina-espanha","status":"publish","type":"post","link":"https:\/\/www.europesays.com\/pt\/194172\/","title":{"rendered":"Autoridades espanholas fazem buscas em laborat\u00f3rio investigado por peste su\u00edna | Espanha"},"content":{"rendered":"<p>Em Espanha, os Mossos d\u2019Esquadra\u200b e a Guardia Civil espanholas realizaram, na manh\u00e3 desta quinta-feira, buscas nas instala\u00e7\u00f5es do Centro de Investiga\u00e7\u00e3o em Sa\u00fade Animal (CReSA), no seguimento da investiga\u00e7\u00e3o ao surto de <a href=\"https:\/\/www.publico.pt\/2025\/12\/09\/ciencia\/noticia\/afinal-origem-peste-suina-nao-tera-sanduiche-contaminada-virus-escapado-laboratorio-2157545\" rel=\"nofollow noopener\" target=\"_blank\">peste su\u00edna africana<\/a> detectado em javalis na serra de Collserola, perto de Barcelona. A detec\u00e7\u00e3o da doen\u00e7a levou as autoridades a declarar 91 munic\u00edpios como zonas infectadas e a aplicar v\u00e1rias medidas de conten\u00e7\u00e3o para proteger a produ\u00e7\u00e3o su\u00edna.<\/p>\n<p>Segundo o jornal <a href=\"https:\/\/www.lavanguardia.com\/vida\/20251218\/11374896\/mossos-guardia-civil-registran-laboratorio-irta-cresa-peste-porcina-africana.html\" target=\"_blank\" rel=\"nofollow noopener\">La Vanguardia<\/a>, a dilig\u00eancia foi ordenada pelo Ju\u00edzo de Instru\u00e7\u00e3o n.\u00ba2 de Cerdanyola del Vall\u00e8s e enquadra-se em dilig\u00eancias preliminares sob segredo de justi\u00e7a. A interven\u00e7\u00e3o est\u00e1 a ser realizada em conformidade com os protocolos e as regras de seguran\u00e7as exigidos em centros de investiga\u00e7\u00e3o deste tipo, de acordo com as for\u00e7as de seguran\u00e7a.<\/p>\n<p>A investiga\u00e7\u00e3o judicial centra-se num eventual crime contra o ambiente e procura apurar a origem do surto de peste su\u00edna africana identificado no final de Novembro, com o receio de poder vir a contaminar as explora\u00e7\u00f5es de porcos. Uma das hip\u00f3teses aponta para a possibilidade de a estirpe do v\u00edrus ter origem num laborat\u00f3rio de investiga\u00e7\u00e3o cient\u00edfica que trabalha com este agente patog\u00e9nico, o CReSA, localizado em Bellaterra, Barcelona.<\/p>\n<p>O CReSA, que faz parte do Instituto de Investiga\u00e7\u00e3o e Tecnologias Agro-alimentares (IRTA), encontra-se sob suspeita h\u00e1 v\u00e1rios dias, sobretudo porque os <a href=\"https:\/\/www.publico.pt\/2025\/11\/29\/ciencia\/noticia\/peste-suina-africana-chegou-peninsula-iberica-2156483\" rel=\"nofollow noopener\" target=\"_blank\">primeiros javalis infectados<\/a> foram encontrados mortos nas imedia\u00e7\u00f5es das suas instala\u00e7\u00f5es. As d\u00favidas intensificaram-se ap\u00f3s se confirmar que o laborat\u00f3rio realizava ensaios com o v\u00edrus antes do surgimento do foco.<\/p>\n<p>J\u00e1 a 9 de Dezembro, os  Mossos d\u2019Esquadra\u200b\u200b, que investigam o caso em conjunto com o Servi\u00e7o de Protec\u00e7\u00e3o da Natureza da Guardia Civil, tinham remetido um primeiro auto aos tribunais de Cerdanyola del Vall\u00e8s. Em paralelo com o processo judicial, a Generalitat mandou realizar uma auditoria para avaliar se o surto poder\u00e1 ter tido origem em algum dos centros de investiga\u00e7\u00e3o em sanidade animal situados num raio de 20 quil\u00f3metros do local onde foram detectados os javalis infectados.<\/p>\n<p>Entre os centros analisados est\u00e1 o CReSA-IRTA, que \u00e9 referido num relat\u00f3rio do Centro de Investiga\u00e7\u00e3o em Sanidade Animal (do Instituto Nacional de Investiga\u00e7\u00e3o e Tecnologia Agr\u00e1ria e Alimentar), um laborat\u00f3rio de refer\u00eancia da Uni\u00e3o Europeia sediado em Valdeolmos, Madrid. O documento indica que o <a href=\"https:\/\/www.publico.pt\/2025\/12\/04\/ciencia\/noticia\/meia-centena-javalis-mortos-catalunha-suspeitas-peste-suina-africana-2157020?ref=virus&amp;cx=page__content\" rel=\"nofollow noopener\" target=\"_blank\">genoma do v\u00edrus identificado<\/a> \u00e9 semelhante ao da estirpe que circulou na Ge\u00f3rgia em 2007, frequentemente utilizada em estudos experimentais e em testes de vacinas.<\/p>\n<p>        &#13;<\/p>\n<p>&#13;<br \/>\n                &#13;\n            <\/p>\n<p>&#13;<\/p>\n<p>O presidente da Generalitat, Salvador Illa, declarou nesta quarta-feira, no Parlamento espanhol, que, com a informa\u00e7\u00e3o actualmente dispon\u00edvel, n\u00e3o \u00e9 poss\u00edvel estabelecer que a origem da peste su\u00edna africana na Catalunha esteja ligada a laborat\u00f3rios ou a centros que trabalham com este v\u00edrus. Segundo sublinhou, os dados recolhidos at\u00e9 ao momento n\u00e3o sustentam essa hip\u00f3tese \u2014 ainda assim, apelou \u00e0 cautela e \u00e0 conten\u00e7\u00e3o de conclus\u00f5es, salientando que as investiga\u00e7\u00f5es continuam em curso e que ser\u00e1 necess\u00e1rio aguardar pelos seus resultados antes de qualquer ju\u00edzo definitivo.<\/p>\n<p>At\u00e9 ao momento, foram confirmados 26 casos de javalis encontrados mortos devido \u00e0 peste su\u00edna africana. Todos os animais foram localizados dentro do primeiro per\u00edmetro de seguran\u00e7a, num raio de seis quil\u00f3metros em torno de Collserola, zona onde foi detectado o primeiro caso da doen\u00e7a.<\/p>\n","protected":false},"excerpt":{"rendered":"Em Espanha, os Mossos d\u2019Esquadra\u200b e a Guardia Civil espanholas realizaram, na manh\u00e3 desta quinta-feira, buscas nas instala\u00e7\u00f5es&hellip;\n","protected":false},"author":2,"featured_media":194173,"comment_status":"","ping_status":"","sticky":false,"template":"","format":"standard","meta":{"footnotes":""},"categories":[50],"tags":[1353,27,28,109,529,640,15,16,14,25,26,21,22,62,12,13,19,20,38911,23,24,117,17,18,29,30,31,1893,63,64,65],"class_list":{"0":"post-194172","1":"post","2":"type-post","3":"status-publish","4":"format-standard","5":"has-post-thumbnail","7":"category-mundo","8":"tag-animais","9":"tag-breaking-news","10":"tag-breakingnews","11":"tag-ciencia","12":"tag-doencas","13":"tag-espanha","14":"tag-featured-news","15":"tag-featurednews","16":"tag-headlines","17":"tag-latest-news","18":"tag-latestnews","19":"tag-main-news","20":"tag-mainnews","21":"tag-mundo","22":"tag-news","23":"tag-noticias","24":"tag-noticias-principais","25":"tag-noticiasprincipais","26":"tag-porco","27":"tag-principais-noticias","28":"tag-principaisnoticias","29":"tag-saude","30":"tag-top-stories","31":"tag-topstories","32":"tag-ultimas","33":"tag-ultimas-noticias","34":"tag-ultimasnoticias","35":"tag-virus","36":"tag-world","37":"tag-world-news","38":"tag-worldnews"},"share_on_mastodon":{"url":"https:\/\/pubeurope.com\/@pt\/115743810134483197","error":""},"_links":{"self":[{"href":"https:\/\/www.europesays.com\/pt\/wp-json\/wp\/v2\/posts\/194172","targetHints":{"allow":["GET"]}}],"collection":[{"href":"https:\/\/www.europesays.com\/pt\/wp-json\/wp\/v2\/posts"}],"about":[{"href":"https:\/\/www.europesays.com\/pt\/wp-json\/wp\/v2\/types\/post"}],"author":[{"embeddable":true,"href":"https:\/\/www.europesays.com\/pt\/wp-json\/wp\/v2\/users\/2"}],"replies":[{"embeddable":true,"href":"https:\/\/www.europesays.com\/pt\/wp-json\/wp\/v2\/comments?post=194172"}],"version-history":[{"count":0,"href":"https:\/\/www.europesays.com\/pt\/wp-json\/wp\/v2\/posts\/194172\/revisions"}],"wp:featuredmedia":[{"embeddable":true,"href":"https:\/\/www.europesays.com\/pt\/wp-json\/wp\/v2\/media\/194173"}],"wp:attachment":[{"href":"https:\/\/www.europesays.com\/pt\/wp-json\/wp\/v2\/media?parent=194172"}],"wp:term":[{"taxonomy":"category","embeddable":true,"href":"https:\/\/www.europesays.com\/pt\/wp-json\/wp\/v2\/categories?post=194172"},{"taxonomy":"post_tag","embeddable":true,"href":"https:\/\/www.europesays.com\/pt\/wp-json\/wp\/v2\/tags?post=194172"}],"curies":[{"name":"wp","href":"https:\/\/api.w.org\/{rel}","templated":true}]}}