{"id":194182,"date":"2025-12-19T02:24:12","date_gmt":"2025-12-19T02:24:12","guid":{"rendered":"https:\/\/www.europesays.com\/pt\/194182\/"},"modified":"2025-12-19T02:24:12","modified_gmt":"2025-12-19T02:24:12","slug":"melhores-series-do-ano-coluna-lista-favoritas-de-2025-18-12-2025-luciana-coelho","status":"publish","type":"post","link":"https:\/\/www.europesays.com\/pt\/194182\/","title":{"rendered":"Melhores s\u00e9ries do ano: coluna lista favoritas de 2025 &#8211; 18\/12\/2025 &#8211; Luciana Coelho"},"content":{"rendered":"<p>O ano de 2025 entregou pouco em geral, mas os f\u00e3s de s\u00e9ries puderam celebrar bons retornos e miniss\u00e9ries inspiradas em hist\u00f3rias reais que dizem muito sobre a vontade de viver. O maior destaque, por\u00e9m, foi uma miniss\u00e9rie brit\u00e2nica que se tornou incontorn\u00e1vel, <a href=\"https:\/\/www1.folha.uol.com.br\/ilustrada\/2025\/03\/como-adolescencia-virou-um-hit-ao-retratar-abismo-geracional-a-partir-de-crime.shtml\" rel=\"nofollow noopener\" target=\"\">&#8220;Adolesc\u00eancia&#8221;<\/a>. A obra sobre um garoto preso por matar uma colega chacoalhou quem desconhecia a misoginia que se espalha pela web.<\/p>\n<p>Como todos os anos, a coluna selecionou suas s\u00e9ries favoritas segundo seus crit\u00e9rios pr\u00f3prios. Os campe\u00f5es de 2025 s\u00e3o os seguintes \u2014e o leitor que fique bem \u00e0 vontade para discordar nos coment\u00e1rios abaixo.<\/p>\n<p><strong>Melhor retorno: &#8220;Ruptura&#8221;<\/strong><br \/>&#13;<br \/>\nSci-fi com mist\u00e9rios e cr\u00edtica social da Apple TV, tem o melhor roteiro, um dos melhores elencos (principal, de apoio e convidados) e uma premissa genial. A segunda temporada se manteve s\u00f3lida, a ver se a terceira resiste.<\/p>\n<p><strong>Melhor estreia: <a href=\"https:\/\/www1.folha.uol.com.br\/colunas\/lucianacoelho\/2025\/11\/em-pluribus-vince-gilligan-critica-com-humor-acido-obsessao-por-equilibrio-e-alegria.shtml\" rel=\"nofollow noopener\" target=\"\">&#8220;Pluribus&#8221;<\/a><\/strong><br \/>&#13;<br \/>\nDa Apple TV. Tamb\u00e9m sic-fi com ares filos\u00f3ficos, mas com um toque de humor sarc\u00e1stico delicioso e uma protagonista mulher, algo raro no g\u00eanero.<\/p>\n<p><strong>Melhor pol\u00eamica: <a href=\"https:\/\/www1.folha.uol.com.br\/colunas\/lucianacoelho\/2025\/03\/adolescencia-e-serie-primorosa-e-vai-nos-assombrar-por-muito-tempo.shtml\" rel=\"nofollow noopener\" target=\"\">&#8220;Adolesc\u00eancia&#8221;<\/a><\/strong><br \/>&#13;<br \/>\nDram\u00e1tica e narrativamente intensa, a miniss\u00e9rie da Netflix sobre um garoto preso por matar uma colega gerou um debate intrincado e inconcluso, que chacoalhou quem desconhecia a misoginia espalhada pela web.<\/p>\n<p><strong>Melhor anima\u00e7\u00e3o:<a href=\"https:\/\/www1.folha.uol.com.br\/colunas\/lucianacoelho\/2025\/09\/criador-de-bojack-produz-mais-uma-joia-da-animacao-adulta-em-long-story-short.shtml\" rel=\"nofollow noopener\" target=\"\"> &#8220;Long Story Short&#8221;<\/a><\/strong><br \/>&#13;<br \/>\n\u00c1cida, delicada e nost\u00e1lgica, essa com\u00e9dia de fam\u00edlia do autor de &#8220;Bojack Horseman&#8221; na Netflix Vale uma breve sess\u00e3o de terapia.<\/p>\n<p><strong>Melhor atua\u00e7\u00e3o:<a href=\"https:\/\/www1.folha.uol.com.br\/colunas\/lucianacoelho\/2025\/05\/morrendo-por-sexo-e-um-conto-sensivel-sobre-redencao-e-ambicao-de-viver.shtml\" rel=\"nofollow noopener\" target=\"\"> &#8220;Morrendo por Sexo&#8221;<\/a><\/strong><br \/>&#13;<br \/>\nA interpreta\u00e7\u00e3o de Michelle Williams como Molly, uma mulher quer ap\u00f3s descobrir um c\u00e2ncer intrat\u00e1vel canaliza sua energia para a vida sexual e o orgasmo acompanhada que desconhece, \u00e9 das coisas mais lindas j\u00e1 filmadas. Caso real, na FX\/Disney.<\/p>\n<p><strong>Melhor surpresa: <a href=\"https:\/\/www1.folha.uol.com.br\/colunas\/lucianacoelho\/2025\/11\/documentario-meu-ayrton-restitui-galisteu-na-historia-de-senna-e-humaniza-personagens.shtml\" rel=\"nofollow noopener\" target=\"\">&#8220;Meu Ayrton&#8221;<\/a><\/strong><br \/>&#13;<br \/>\nEm que pese o preconceito (e pesa), quem imaginaria que um document\u00e1rio sobre Adriane Galisteu renderia uma produ\u00e7\u00e3o t\u00e3o forte e pungente sobre machismo, al\u00e9m de brindar os nost\u00e1lgicos com epis\u00f3dios sobre um dos esportistas mais not\u00e1veis do pa\u00eds no auge da sua carreira? Na HBO.<\/p>\n<p><strong>Melhor motivo para rir: <a href=\"https:\/\/www1.folha.uol.com.br\/colunas\/lucianacoelho\/2025\/06\/pablo-e-luisao-eleva-a-arte-o-que-o-brasileiro-faz-melhor-rir-das-proprias-desgracas.shtml\" rel=\"nofollow noopener\" target=\"\">&#8220;Pablo e Luis\u00e3o&#8221;<\/a><\/strong><br \/>&#13;<br \/>\nPaulo Vieira \u00e9 um g\u00eanio que resumiu o Brasil na hist\u00f3ria de sua fam\u00edlia, equilibrando gra\u00e7a e desgra\u00e7a com maestria nesta produ\u00e7\u00e3o do Globoplay. O que pode ser mais brasileiro que isso?<\/p>\n<p><strong>Melhor motivo para chorar: <a href=\"https:\/\/www1.folha.uol.com.br\/colunas\/lucianacoelho\/2025\/08\/mascaras-de-oxigenio-nao-cairao-automaticamente-reve-auge-da-aids-com-historia-de-esperanca.shtml\" rel=\"nofollow noopener\" target=\"\">&#8220;M\u00e1scaras de Oxig\u00eanio N\u00e3o Cair\u00e3o Automaticamente&#8221;<\/a><\/strong><br \/>&#13;<br \/>\nFalar da explos\u00e3o da Aids no pa\u00eds<br \/>&#13;<br \/>\nno fim dos anos 1980 poderia deprimir. Em vez disso, este caso real \u00e9 uma puls\u00e3o de vida com atua\u00e7\u00f5es excelentes e um resgate hist\u00f3rico sem proselitismo. Na HBO.<\/p>\n<p><strong>Maior al\u00edvio: <a href=\"https:\/\/www1.folha.uol.com.br\/colunas\/lucianacoelho\/2025\/06\/o-conto-da-aia-termina-com-um-baita-anticlimax-mas-sua-relevancia-permanece.shtml\" rel=\"nofollow noopener\" target=\"\">\u2018O Conto da Aia\u2019<\/a> <\/strong><br \/>&#13;<br \/>\nPop, a produ\u00e7\u00e3o inspirada na fic\u00e7\u00e3o social de Margaret Atwood em que as mulheres perdem os direitos, tetricamente realista, terminou com dignidade ap\u00f3s uma patinada. Na Paramount +.<\/p>\n<p class=\"c-context__content\">&#13;<br \/>\n    <strong>LINK PRESENTE:<\/strong> Gostou deste texto? Assinante pode liberar sete acessos gratuitos de qualquer link por dia. Basta clicar no F azul abaixo.&#13;\n  <\/p>\n","protected":false},"excerpt":{"rendered":"O ano de 2025 entregou pouco em geral, mas os f\u00e3s de s\u00e9ries puderam celebrar bons retornos e&hellip;\n","protected":false},"author":2,"featured_media":194183,"comment_status":"","ping_status":"","sticky":false,"template":"","format":"standard","meta":{"footnotes":""},"categories":[140],"tags":[7539,114,115,147,148,236,3179,1626,146,716,32,33,941,38912,6731,940,218,600],"class_list":{"0":"post-194182","1":"post","2":"type-post","3":"status-publish","4":"format-standard","5":"has-post-thumbnail","7":"category-filmes","8":"tag-disney-plus","9":"tag-entertainment","10":"tag-entretenimento","11":"tag-film","12":"tag-filmes","13":"tag-folha","14":"tag-globoplay","15":"tag-hbo","16":"tag-movies","17":"tag-netflix","18":"tag-portugal","19":"tag-pt","20":"tag-series","21":"tag-series-brasileiras","22":"tag-series-luciana-coelho","23":"tag-streaming","24":"tag-televisao","25":"tag-veja-video"},"share_on_mastodon":{"url":"https:\/\/pubeurope.com\/@pt\/115743861349121419","error":""},"_links":{"self":[{"href":"https:\/\/www.europesays.com\/pt\/wp-json\/wp\/v2\/posts\/194182","targetHints":{"allow":["GET"]}}],"collection":[{"href":"https:\/\/www.europesays.com\/pt\/wp-json\/wp\/v2\/posts"}],"about":[{"href":"https:\/\/www.europesays.com\/pt\/wp-json\/wp\/v2\/types\/post"}],"author":[{"embeddable":true,"href":"https:\/\/www.europesays.com\/pt\/wp-json\/wp\/v2\/users\/2"}],"replies":[{"embeddable":true,"href":"https:\/\/www.europesays.com\/pt\/wp-json\/wp\/v2\/comments?post=194182"}],"version-history":[{"count":0,"href":"https:\/\/www.europesays.com\/pt\/wp-json\/wp\/v2\/posts\/194182\/revisions"}],"wp:featuredmedia":[{"embeddable":true,"href":"https:\/\/www.europesays.com\/pt\/wp-json\/wp\/v2\/media\/194183"}],"wp:attachment":[{"href":"https:\/\/www.europesays.com\/pt\/wp-json\/wp\/v2\/media?parent=194182"}],"wp:term":[{"taxonomy":"category","embeddable":true,"href":"https:\/\/www.europesays.com\/pt\/wp-json\/wp\/v2\/categories?post=194182"},{"taxonomy":"post_tag","embeddable":true,"href":"https:\/\/www.europesays.com\/pt\/wp-json\/wp\/v2\/tags?post=194182"}],"curies":[{"name":"wp","href":"https:\/\/api.w.org\/{rel}","templated":true}]}}