{"id":194186,"date":"2025-12-19T02:26:17","date_gmt":"2025-12-19T02:26:17","guid":{"rendered":"https:\/\/www.europesays.com\/pt\/194186\/"},"modified":"2025-12-19T02:26:17","modified_gmt":"2025-12-19T02:26:17","slug":"sesau-abre-consulta-publica-para-discutir-o-plano-de-enfrentamento-das-arboviroses-de-2026-saude-alagoas","status":"publish","type":"post","link":"https:\/\/www.europesays.com\/pt\/194186\/","title":{"rendered":"Sesau abre consulta p\u00fablica para discutir o Plano de Enfrentamento das Arboviroses de 2026 \u2013 Sa\u00fade Alagoas"},"content":{"rendered":"<p><strong>Rep\u00f3rter:\u00a0<\/strong>Daniel Tavares \/ Ascom Sesau<br \/><strong>Rep\u00f3rter Fotogr\u00e1fica:<\/strong>\u00a0\u00a0Carla Cleto\u00a0\/ Ascom Sesau<\/p>\n<p><img fetchpriority=\"high\" decoding=\"async\" width=\"600\" height=\"399\" src=\"https:\/\/www.europesays.com\/pt\/wp-content\/uploads\/2025\/12\/18122025-SESAU-CONSULTA-PUBLICA-ARBOVIROSES-CC-600x399.jpg\" alt=\"\" class=\"wp-image-119312\" style=\"width:787px;height:auto\"  \/><strong>A consulta p\u00fablica aberta pela Sesau sobre as arboviroses est\u00e1 dispon\u00edvel em plataforma online<\/strong><\/p>\n<p>A Secretaria de Estado da Sa\u00fade (Sesau) est\u00e1 com uma consulta p\u00fablica aberta para discutir o Plano de Enfrentamento das Arboviroses de 2026. Com isso, a popula\u00e7\u00e3o pode contribuir na formula\u00e7\u00e3o de pol\u00edticas voltadas ao combate dessas endemias. O question\u00e1rio estar\u00e1 dispon\u00edvel at\u00e9 o dia 9 de janeiro de 2026, por meio da plataforma Google Forms, no link:\u00a0<a href=\"https:\/\/forms.gle\/kzp7LrkqbiWNySE8\" target=\"_blank\" rel=\"noreferrer noopener nofollow\">https:\/\/forms.gle\/kzp7LrkqbiWNySE88<\/a><\/p>\n<p>Al\u00e9m da popula\u00e7\u00e3o em geral, a Sesau convida profissionais que atuam na \u00e1rea de vigil\u00e2ncia em sa\u00fade, gestores e pesquisadores no tema para que possam contribuir ativamente para o Plano de Enfrentamento das Arboviroses de 2026. Nesse per\u00edodo, a sociedade vai poder apresentar ideias, sugest\u00f5es e experi\u00eancias que ajudem a fortalecer as estrat\u00e9gias de preven\u00e7\u00e3o, controle do vetor, assist\u00eancia e educa\u00e7\u00e3o em sa\u00fade.<\/p>\n<p>A consulta p\u00fablica tem como objetivo envolver a popula\u00e7\u00e3o e a comunidade acad\u00eamica no processo de constru\u00e7\u00e3o e aprimoramento das pol\u00edticas p\u00fablicas voltadas ao controle e preven\u00e7\u00e3o das arboviroses. Esse processo busca garantir que as estrat\u00e9gias adotadas para o enfrentamento dessas doen\u00e7as sejam baseadas em evid\u00eancias cient\u00edficas, necessidades reais das comunidades e pr\u00e1ticas eficientes.<\/p>\n<p>Para o assessor t\u00e9cnico de Vetores, Zoonoses e Fatores Ambientais da Sesau, Clar\u00edcio Bugarim, a participa\u00e7\u00e3o da sociedade \u00e9 fundamental.\u00a0 \u201cNosso intuito \u00e9 que esse plano seja realmente eficaz, pr\u00f3ximo da realidade dos territ\u00f3rios e sens\u00edvel \u00e0s necessidades de cada comunidade. Esse \u00e9 um espa\u00e7o democr\u00e1tico, onde a escuta ativa se transforma em pol\u00edticas p\u00fablicas mais eficientes e humanas\u201d, frisou.<\/p>\n","protected":false},"excerpt":{"rendered":"Rep\u00f3rter:\u00a0Daniel Tavares \/ Ascom SesauRep\u00f3rter Fotogr\u00e1fica:\u00a0\u00a0Carla Cleto\u00a0\/ Ascom Sesau A consulta p\u00fablica aberta pela Sesau sobre as arboviroses&hellip;\n","protected":false},"author":2,"featured_media":194187,"comment_status":"","ping_status":"","sticky":false,"template":"","format":"standard","meta":{"footnotes":""},"categories":[86],"tags":[116,32,33,117],"class_list":{"0":"post-194186","1":"post","2":"type-post","3":"status-publish","4":"format-standard","5":"has-post-thumbnail","7":"category-saude","8":"tag-health","9":"tag-portugal","10":"tag-pt","11":"tag-saude"},"share_on_mastodon":{"url":"https:\/\/pubeurope.com\/@pt\/115743869366071289","error":""},"_links":{"self":[{"href":"https:\/\/www.europesays.com\/pt\/wp-json\/wp\/v2\/posts\/194186","targetHints":{"allow":["GET"]}}],"collection":[{"href":"https:\/\/www.europesays.com\/pt\/wp-json\/wp\/v2\/posts"}],"about":[{"href":"https:\/\/www.europesays.com\/pt\/wp-json\/wp\/v2\/types\/post"}],"author":[{"embeddable":true,"href":"https:\/\/www.europesays.com\/pt\/wp-json\/wp\/v2\/users\/2"}],"replies":[{"embeddable":true,"href":"https:\/\/www.europesays.com\/pt\/wp-json\/wp\/v2\/comments?post=194186"}],"version-history":[{"count":0,"href":"https:\/\/www.europesays.com\/pt\/wp-json\/wp\/v2\/posts\/194186\/revisions"}],"wp:featuredmedia":[{"embeddable":true,"href":"https:\/\/www.europesays.com\/pt\/wp-json\/wp\/v2\/media\/194187"}],"wp:attachment":[{"href":"https:\/\/www.europesays.com\/pt\/wp-json\/wp\/v2\/media?parent=194186"}],"wp:term":[{"taxonomy":"category","embeddable":true,"href":"https:\/\/www.europesays.com\/pt\/wp-json\/wp\/v2\/categories?post=194186"},{"taxonomy":"post_tag","embeddable":true,"href":"https:\/\/www.europesays.com\/pt\/wp-json\/wp\/v2\/tags?post=194186"}],"curies":[{"name":"wp","href":"https:\/\/api.w.org\/{rel}","templated":true}]}}