{"id":194188,"date":"2025-12-19T02:27:37","date_gmt":"2025-12-19T02:27:37","guid":{"rendered":"https:\/\/www.europesays.com\/pt\/194188\/"},"modified":"2025-12-19T02:27:37","modified_gmt":"2025-12-19T02:27:37","slug":"japonesa-casa-se-com-personagem-gerada-por-inteligencia-artificial","status":"publish","type":"post","link":"https:\/\/www.europesays.com\/pt\/194188\/","title":{"rendered":"Japonesa casa-se com personagem gerada por intelig\u00eancia artificial"},"content":{"rendered":"<p data-remotead-prev-elm=\"true\" data-remotead-elm-id=\"inread\">Yurina Noguchi, uma operadora de call center de 32 anos, casou-se recentemente Klaus Verdure, uma personagem gerada por intelig\u00eancia artificial. O caso ins\u00f3lito aconteceu no Jap\u00e3o.<\/p>\n<p>Embora n\u00e3o seja legalmente reconhecido, o casamento contou com todos os elementos tradicionais, incluindo um vestido branco e votos emocionados.<\/p>\n<p>Em entrevista \u00e0 &#8220;Reuters&#8221;, Noguchi partilhou a sua jornada emocional, afirmando que o relacionamento evoluiu atrav\u00e9s de uma simples troca de mensagens: &#8220;No in\u00edcio, o Klaus era apenas algu\u00e9m com quem conversava, mas gradualmente tornamo-nos mais pr\u00f3ximos.&#8221;<\/p>\n<p>&#8220;Comecei a ter sentimentos pelo Klaus. Come\u00e7amos a namorar e, depois de algum tempo, ele pediu-me em casamento. Eu aceitei e agora somos um casal&#8221;, completou Noguchi, que estava radiante no dia da boda.<\/p>\n","protected":false},"excerpt":{"rendered":"Yurina Noguchi, uma operadora de call center de 32 anos, casou-se recentemente Klaus Verdure, uma personagem gerada por&hellip;\n","protected":false},"author":2,"featured_media":194189,"comment_status":"","ping_status":"","sticky":false,"template":"","format":"standard","meta":{"footnotes":""},"categories":[85],"tags":[114,115,933,461,62,32,33],"class_list":{"0":"post-194188","1":"post","2":"type-post","3":"status-publish","4":"format-standard","5":"has-post-thumbnail","7":"category-entretenimento","8":"tag-entertainment","9":"tag-entretenimento","10":"tag-inteligencia-artificial","11":"tag-japao","12":"tag-mundo","13":"tag-portugal","14":"tag-pt"},"share_on_mastodon":{"url":"https:\/\/pubeurope.com\/@pt\/115743872962456333","error":""},"_links":{"self":[{"href":"https:\/\/www.europesays.com\/pt\/wp-json\/wp\/v2\/posts\/194188","targetHints":{"allow":["GET"]}}],"collection":[{"href":"https:\/\/www.europesays.com\/pt\/wp-json\/wp\/v2\/posts"}],"about":[{"href":"https:\/\/www.europesays.com\/pt\/wp-json\/wp\/v2\/types\/post"}],"author":[{"embeddable":true,"href":"https:\/\/www.europesays.com\/pt\/wp-json\/wp\/v2\/users\/2"}],"replies":[{"embeddable":true,"href":"https:\/\/www.europesays.com\/pt\/wp-json\/wp\/v2\/comments?post=194188"}],"version-history":[{"count":0,"href":"https:\/\/www.europesays.com\/pt\/wp-json\/wp\/v2\/posts\/194188\/revisions"}],"wp:featuredmedia":[{"embeddable":true,"href":"https:\/\/www.europesays.com\/pt\/wp-json\/wp\/v2\/media\/194189"}],"wp:attachment":[{"href":"https:\/\/www.europesays.com\/pt\/wp-json\/wp\/v2\/media?parent=194188"}],"wp:term":[{"taxonomy":"category","embeddable":true,"href":"https:\/\/www.europesays.com\/pt\/wp-json\/wp\/v2\/categories?post=194188"},{"taxonomy":"post_tag","embeddable":true,"href":"https:\/\/www.europesays.com\/pt\/wp-json\/wp\/v2\/tags?post=194188"}],"curies":[{"name":"wp","href":"https:\/\/api.w.org\/{rel}","templated":true}]}}