{"id":194200,"date":"2025-12-19T02:40:10","date_gmt":"2025-12-19T02:40:10","guid":{"rendered":"https:\/\/www.europesays.com\/pt\/194200\/"},"modified":"2025-12-19T02:40:10","modified_gmt":"2025-12-19T02:40:10","slug":"fc-porto-vence-famalicao-e-disputara-quartos-da-taca-contra-o-benfica-cronica-de-jogo","status":"publish","type":"post","link":"https:\/\/www.europesays.com\/pt\/194200\/","title":{"rendered":"FC Porto vence Famalic\u00e3o e disputar\u00e1 \u201cquartos\u201d da Ta\u00e7a contra o Benfica | Cr\u00f3nica de jogo"},"content":{"rendered":"<p>O FC Porto venceu o Famalic\u00e3o por 4-1, esta quinta-feira, no Est\u00e1dio do Drag\u00e3o. Os portistas seguem, assim, para os quartos-de-final da Ta\u00e7a de Portugal. Pela frente na pr\u00f3xima fase ter\u00e3o o Benfica, que viajar\u00e1 at\u00e9 \u00e0 Invicta para disputar o acesso \u00e0s &#8220;meias&#8221;.<\/p>\n<p>Os portistas come\u00e7aram o jogo com a press\u00e3o alta habitual, sufocando a primeira linha de constru\u00e7\u00e3o do Famalic\u00e3o. N\u00e3o foi preciso esperar muito pela inaugura\u00e7\u00e3o do marcador. William Gomes aproveitou uma escorregadela de Mathias de Amorim, que deixou a bola \u00e0 merc\u00ea do portista. O avan\u00e7ado brasileiro, isolado e na cara do guarda-redes, n\u00e3o desperdi\u00e7ou.<\/p>\n<p>Mas enganava-se quem pensava que o bom arranque iria tornar o jogo favas contadas para os portistas. Apenas seis minutos depois, aos 13\u2019, De Haas voou no seio da defensiva dos &#8220;drag\u00f5es&#8221; e cabeceou para golo. O canto marcado na direita por Gil Dias encontrou o neerland\u00eas livre de marca\u00e7\u00e3o, num claro erro dos homens da defensiva \u201cazul e branca\u201d.<\/p>\n<p>O primeiro quarto de hora foi suficiente para perceber que o Famalic\u00e3o chegou ao Drag\u00e3o com a li\u00e7\u00e3o estudada. Antecipando a superioridade num\u00e9rica fabricada por Farioli em caso de falha da primeira linha de press\u00e3o, Hugo Oliveira convidou o FC Porto a jogar. Os avan\u00e7ados da equipa minhota n\u00e3o pressionavam, monitorizando apenas a movimenta\u00e7\u00e3o das diferentes pe\u00e7as do xadrez &#8220;azul e branco&#8221;. Sem a habitual insist\u00eancia advers\u00e1ria, os portistas tiveram dificuldades em ligar jogo.<\/p>\n<p>        &#13;<br \/>\n            &#13;<\/p>\n<p>Em rela\u00e7\u00e3o \u00e0 anterior jornada, Farioli mudou mais de meia equipa \u2013 \u00e0 semelhan\u00e7a do que fez Hugo Oliveira. Nos \u201cdrag\u00f5es\u201d, entraram Martim Fernandes, Prpic, Pablo Ros\u00e1rio, Gabri Veiga, William Gomes e Deniz Gul. Na equipa dos minhotos entraram em campo Zlobin, Gustavo Garcia, Ibrahima Ba, Rafa Soares, Joujou e Elisor.<\/p>\n<p>Os minhotos apostaram no jogo de transi\u00e7\u00e3o r\u00e1pida e na velocidade dos extremos. Assim que recuperavam a bola, ousadia era a palavra de ordem. Aos 33&#8242;, Simon Elisor teve nos p\u00e9s a oportunidade de colocar o Famalic\u00e3o em vantagem. Sozinho na \u00e1rea depois de mais uma desaten\u00e7\u00e3o da defensiva portista, conseguiu apenas rematar fraco e \u00e0 figura de Diogo Costa.<\/p>\n<p>A forma\u00e7\u00e3o famalicense pagaria caro a oportunidade perdida. Menos de cinco minutos depois, uma perda de bola junto \u00e0 \u00e1rea permitiu a Gabri Veiga tra\u00e7ar um remate forte e rasteiro. Zlobin bem tentou agarrar o esf\u00e9rico, mas a pot\u00eancia colocada pelo camisola dez dos portistas n\u00e3o facilitou a tarefa.<\/p>\n<p>A defesa acabaria por ser incompleta e bola projectada para a frente. Victor Froholdt, qual galgo dinamarqu\u00eas, bateu tudo e todos na corrida pelo esf\u00e9rico. A tr\u00eas metros de Zlobin, &#8220;fuzilou&#8221; a baliza famalicense e voltou a colocar o FC Porto na lideran\u00e7a do marcador.<\/p>\n<p>Famalic\u00e3o por cima na segunda parte<\/p>\n<p>A exibi\u00e7\u00e3o portista na primeira parte foi suficiente para sair por cima do marcador, mas n\u00e3o convenceu. \u00c0 semelhan\u00e7a do que j\u00e1 tinha feito frente ao V. Guimar\u00e3es para a Ta\u00e7a da Liga \u2013 partida que marcou a elimina\u00e7\u00e3o dos &#8220;drag\u00f5es&#8221; na prova com uma derrota por 1-3 \u2013 Farioli fez entrar Samu e Rodrigo Mora.<\/p>\n<p>O FC Porto esteve, essencialmente, no lugar de espectador na grande maioria dos segundos 45 minutos. O Famalic\u00e3o saiu a jogar por diversas vezes, conseguindo fugir com algum \u00e0 vontade do sufoco dos &#8220;drag\u00f5es&#8221;. Mas os minhotos voltaram a n\u00e3o aproveitar as poucas oportunidades que tiveram.<\/p>\n<p>Seria Samu a colocar um ponto final na partida \u00e0 passagem do minuto 80. O espanhol encostou de cabe\u00e7a um cruzamento da direita, estendendo para quatro o n\u00famero de jogos consecutivos em que faz golo.<\/p>\n<p>Houve ainda tempo, pouco antes do cair do pano, para um golo de Pep\u00ea, que deu ares de goleada \u00e0 partida. Foi melhor o resultado do que a exibi\u00e7\u00e3o, mas, ainda assim, miss\u00e3o cumprida para os homens de Francesco Farioli, que na pr\u00f3xima eliminat\u00f3ria v\u00e3o protagonizar com o rival o cl\u00e1ssico das meias-finais.<\/p>\n","protected":false},"excerpt":{"rendered":"O FC Porto venceu o Famalic\u00e3o por 4-1, esta quinta-feira, no Est\u00e1dio do Drag\u00e3o. Os portistas seguem, assim,&hellip;\n","protected":false},"author":2,"featured_media":194201,"comment_status":"","ping_status":"","sticky":false,"template":"","format":"standard","meta":{"footnotes":""},"categories":[87],"tags":[135,18866,282,524,280,32,33,134,3142],"class_list":{"0":"post-194200","1":"post","2":"type-post","3":"status-publish","4":"format-standard","5":"has-post-thumbnail","7":"category-desporto","8":"tag-desporto","9":"tag-fc-famalicao","10":"tag-fc-porto","11":"tag-futebol","12":"tag-futebol-nacional","13":"tag-portugal","14":"tag-pt","15":"tag-sports","16":"tag-taca-de-portugal"},"share_on_mastodon":{"url":"https:\/\/pubeurope.com\/@pt\/115743924233773757","error":""},"_links":{"self":[{"href":"https:\/\/www.europesays.com\/pt\/wp-json\/wp\/v2\/posts\/194200","targetHints":{"allow":["GET"]}}],"collection":[{"href":"https:\/\/www.europesays.com\/pt\/wp-json\/wp\/v2\/posts"}],"about":[{"href":"https:\/\/www.europesays.com\/pt\/wp-json\/wp\/v2\/types\/post"}],"author":[{"embeddable":true,"href":"https:\/\/www.europesays.com\/pt\/wp-json\/wp\/v2\/users\/2"}],"replies":[{"embeddable":true,"href":"https:\/\/www.europesays.com\/pt\/wp-json\/wp\/v2\/comments?post=194200"}],"version-history":[{"count":0,"href":"https:\/\/www.europesays.com\/pt\/wp-json\/wp\/v2\/posts\/194200\/revisions"}],"wp:featuredmedia":[{"embeddable":true,"href":"https:\/\/www.europesays.com\/pt\/wp-json\/wp\/v2\/media\/194201"}],"wp:attachment":[{"href":"https:\/\/www.europesays.com\/pt\/wp-json\/wp\/v2\/media?parent=194200"}],"wp:term":[{"taxonomy":"category","embeddable":true,"href":"https:\/\/www.europesays.com\/pt\/wp-json\/wp\/v2\/categories?post=194200"},{"taxonomy":"post_tag","embeddable":true,"href":"https:\/\/www.europesays.com\/pt\/wp-json\/wp\/v2\/tags?post=194200"}],"curies":[{"name":"wp","href":"https:\/\/api.w.org\/{rel}","templated":true}]}}