{"id":194206,"date":"2025-12-19T02:46:10","date_gmt":"2025-12-19T02:46:10","guid":{"rendered":"https:\/\/www.europesays.com\/pt\/194206\/"},"modified":"2025-12-19T02:46:10","modified_gmt":"2025-12-19T02:46:10","slug":"idosa-assassinada-em-braga-apos-rumores-de-que-ganhara-a-lotaria-jornal-de-noticias","status":"publish","type":"post","link":"https:\/\/www.europesays.com\/pt\/194206\/","title":{"rendered":"Idosa assassinada em Braga ap\u00f3s rumores de que ganhara a lotaria &#8211; Jornal de Not\u00edcias"},"content":{"rendered":"<ol>\n<li><a href=\"https:\/\/news.google.com\/rss\/articles\/CBMiqgFBVV95cUxQdVI0NzVIRkxscEFtMzhSS0VXNF9tcmZuemUzNlNqbVU0RzdjUElMcWUydHFGcWdMQnRzRTAtY0l0djJBNlFaZ1JiYWNrUlRIc1B5bGgyanpBSlpzdUNvb3RjNHk4ci03eGxvY1l1bXJaVWZ5dGhRWXJheVhRQl9ycDYtOVRWNU54MHp6SzhOc2FHUjBPNW5CRGQ1MTU5VHA2SmhMOVZmVS1kUQ?oc=5\" target=\"_blank\" rel=\"nofollow noopener\">Idosa assassinada em Braga ap\u00f3s rumores de que ganhara a lotaria<\/a>&nbsp;&nbsp;Jornal de Not\u00edcias<\/li>\n<li><a href=\"https:\/\/news.google.com\/rss\/articles\/CBMie0FVX3lxTE9GNkFPREoyTThYdjdZOUZPOXY2XzhDY093TFF3dnJ0QnNtWWhtOVlQZTVmVTZNVmtBQmk3aEE4aEEwYjQzT2F3dmJGNlJoSFp2b0NBNlE2TWJpUmNCSTJZRUJPaUlEenBBbU1DT1BCMTVVYThzMWVWNzVqONIBbEFVX3lxTE1EWTdiSHRPWUxLVkc0QkZSYndmSVJMNjZUNXJsLXZ6bzRJTno0dTl3MjYyT1JmMnBZdmRGcENZSHc1bDJRdE1mMmQxQTltRlIydVRZTDAtYlI5MWM3a2RrYzZBTmdEelpTd3IyRg?oc=5\" target=\"_blank\" rel=\"nofollow noopener\">Idosa morta \u00e0 pancada em casa<\/a>&nbsp;&nbsp;Jornal de Not\u00edcias<\/li>\n<li><a href=\"https:\/\/news.google.com\/rss\/articles\/CBMiZ0FVX3lxTFB2UDNBQTVoUGpUTjFtdWZ3VUQ3Sk0tWkNzdGNkTUlWRFVCZkZrcENfVTRFWUlZejIxRHZGSlgwVHFYcGtoVXU4ODRiRWdtdS1xdmFQZ092LUh2dzNSTEFHQXRNam5QMlk?oc=5\" target=\"_blank\" rel=\"nofollow noopener\">Mulher assassinada \u00e0 paulada em Braga<\/a>&nbsp;&nbsp;O Minho<\/li>\n<li><a href=\"https:\/\/news.google.com\/rss\/articles\/CBMi5gFBVV95cUxQb0x0VTJVaVJQX2FDZTlseDRWT3dhWU1oZmhGeDRYLUp1T19oTXRHZmwteU1zejdxb3JnWTBaMWU0SGtjSXNsdDhnR0hQbmZmTGg1MDlFNTF6Y0FDS3VRWVRkS1VoNWRZM3V5YmFGTFA3Z2pZT2NWYktnMC1WYndWaEVxM3VBWXpVWWpVTHZtV1hLTlFFbl92R2t5WFdBV2lsVHAyRFVHWXVFaU9EUVlHVW1JRk5wZnJkZGVkR1E2em41dFVCNUpKYktoMEJ1VzRsZE1OLVBZUHVySmFYYVhzME4wLUtxZ9IB6wFBVV95cUxPaUZTVk5Jc0g2Qm1oM3RGSmpzSG42Zy1vLTdhWmRaQXlFSWtJRUpnQTVSMlA1M3AzQUVOYjR5ak1YTnNWempGNTV4VmxIU1YwWVNsVjJqc2J5WE5BMjVZWHdqUjVBTTk3Ym9HR1p2NEZSRm9RY3hlNXJMaUU2MmtrSFVkUjhvSG5ZN0pKaEQ1TGJuZXZpOXRBU29QNUZqRGhSbW9naFZMcDhLdzlOWEttVlZmbVhnSDFGRDd6ZmFUMGtvUENaWnJLb21UTWJPVjNaNjYzajlyR1k5aG5RTWJTWEJZZFozZTVYbXZR?oc=5\" target=\"_blank\" rel=\"nofollow noopener\">PJ investiga morte de mulher encontrada com sinais de agress\u00e3o na cabe\u00e7a em Braga<\/a>&nbsp;&nbsp;CNN Portugal<\/li>\n<li><a href=\"https:\/\/news.google.com\/rss\/articles\/CBMipAFBVV95cUxQNWdfX29yWF94RjA4NGVidWNhX1dJZndoaDZRcVFacWRXdFBDRUZTVFR1XzdFenFZTUhVOUxwRDFtNmpBUmYzYXlwN1ZveUNIcXNWNlhKa0MwVFJCRU1HRlhWOEI4ZFA5S1N0em9nOUNtZXppbkJhN092MVA4djhBZWtSYVAxem5wVzZsUjRLVlYtNlNQUUVBTVVEY1Q2c2E5SE5uTw?oc=5\" target=\"_blank\" rel=\"nofollow noopener\">Mulher abriu port\u00e3o da casa a homicida que a atacou \u00e0 paulada<\/a>&nbsp;&nbsp;cmjornal.pt<\/li>\n<\/ol>\n","protected":false},"excerpt":{"rendered":"Idosa assassinada em Braga ap\u00f3s rumores de que ganhara a lotaria&nbsp;&nbsp;Jornal de Not\u00edcias Idosa morta \u00e0 pancada em&hellip;\n","protected":false},"author":2,"featured_media":194207,"comment_status":"","ping_status":"","sticky":false,"template":"","format":"standard","meta":{"footnotes":""},"categories":[10],"tags":[27,28,15,16,14,5564,603,25,26,21,22,12,13,19,20,4107,32,23,24,33,17,18,29,30,31],"class_list":{"0":"post-194206","1":"post","2":"type-post","3":"status-publish","4":"format-standard","5":"has-post-thumbnail","7":"category-portugal","8":"tag-breaking-news","9":"tag-breakingnews","10":"tag-featured-news","11":"tag-featurednews","12":"tag-headlines","13":"tag-homicidio","14":"tag-justica","15":"tag-latest-news","16":"tag-latestnews","17":"tag-main-news","18":"tag-mainnews","19":"tag-news","20":"tag-noticias","21":"tag-noticias-principais","22":"tag-noticiasprincipais","23":"tag-pj","24":"tag-portugal","25":"tag-principais-noticias","26":"tag-principaisnoticias","27":"tag-pt","28":"tag-top-stories","29":"tag-topstories","30":"tag-ultimas","31":"tag-ultimas-noticias","32":"tag-ultimasnoticias"},"share_on_mastodon":{"url":"https:\/\/pubeurope.com\/@pt\/115743948051772843","error":""},"_links":{"self":[{"href":"https:\/\/www.europesays.com\/pt\/wp-json\/wp\/v2\/posts\/194206","targetHints":{"allow":["GET"]}}],"collection":[{"href":"https:\/\/www.europesays.com\/pt\/wp-json\/wp\/v2\/posts"}],"about":[{"href":"https:\/\/www.europesays.com\/pt\/wp-json\/wp\/v2\/types\/post"}],"author":[{"embeddable":true,"href":"https:\/\/www.europesays.com\/pt\/wp-json\/wp\/v2\/users\/2"}],"replies":[{"embeddable":true,"href":"https:\/\/www.europesays.com\/pt\/wp-json\/wp\/v2\/comments?post=194206"}],"version-history":[{"count":0,"href":"https:\/\/www.europesays.com\/pt\/wp-json\/wp\/v2\/posts\/194206\/revisions"}],"wp:featuredmedia":[{"embeddable":true,"href":"https:\/\/www.europesays.com\/pt\/wp-json\/wp\/v2\/media\/194207"}],"wp:attachment":[{"href":"https:\/\/www.europesays.com\/pt\/wp-json\/wp\/v2\/media?parent=194206"}],"wp:term":[{"taxonomy":"category","embeddable":true,"href":"https:\/\/www.europesays.com\/pt\/wp-json\/wp\/v2\/categories?post=194206"},{"taxonomy":"post_tag","embeddable":true,"href":"https:\/\/www.europesays.com\/pt\/wp-json\/wp\/v2\/tags?post=194206"}],"curies":[{"name":"wp","href":"https:\/\/api.w.org\/{rel}","templated":true}]}}