{"id":194214,"date":"2025-12-19T02:55:13","date_gmt":"2025-12-19T02:55:13","guid":{"rendered":"https:\/\/www.europesays.com\/pt\/194214\/"},"modified":"2025-12-19T02:55:13","modified_gmt":"2025-12-19T02:55:13","slug":"lesionados-sudakov-e-samuel-soares-em-duvida-para-rececao-ao-famalicao","status":"publish","type":"post","link":"https:\/\/www.europesays.com\/pt\/194214\/","title":{"rendered":"Lesionados Sudakov e Samuel Soares em d\u00favida para rece\u00e7\u00e3o ao Famalic\u00e3o"},"content":{"rendered":"<p>                Os \u2018encarnados\u2019 confirmaram hoje a tipologia das les\u00f5es dos dois jogadores, com Sudakov, habitualmente titular no meio campo, a poder ser uma baixa \u2018de peso\u2019 para a equipa orientada por Jos\u00e9 Mourinho, que segunda-feira recebe os minhotos.<\/p>\n<p>O ucraniano de 23 anos, que j\u00e1 cumpriu 20 jogos oficiais esta \u00e9poca no clube, junta-se ao luxemburgu\u00eas Leandro Barreiro, que se tinha lesionado no embate ante o Moreirense (4-0), no tornozelo esquerdo, na lista de indispon\u00edveis.<\/p>\n<p>Samuel Soares, habitual suplente de Trubin na baliza das \u2018\u00e1guias\u2019, tamb\u00e9m se encontra a contas com uma les\u00e3o muscular na coxa direita, tendo tamb\u00e9m sido substitu\u00eddo na quarta-feira na vit\u00f3ria para a Ta\u00e7a de Portugal no reduto do Farense (2-0), da qual Sudakov tamb\u00e9m saiu com problemas f\u00edsicos.<br \/>&#13;\n            <\/p>\n","protected":false},"excerpt":{"rendered":"Os \u2018encarnados\u2019 confirmaram hoje a tipologia das les\u00f5es dos dois jogadores, com Sudakov, habitualmente titular no meio campo,&hellip;\n","protected":false},"author":2,"featured_media":194215,"comment_status":"","ping_status":"","sticky":false,"template":"","format":"standard","meta":{"footnotes":""},"categories":[87],"tags":[135,13,32,33,420,421,134],"class_list":{"0":"post-194214","1":"post","2":"type-post","3":"status-publish","4":"format-standard","5":"has-post-thumbnail","7":"category-desporto","8":"tag-desporto","9":"tag-noticias","10":"tag-portugal","11":"tag-pt","12":"tag-rtp","13":"tag-rtp-noticias","14":"tag-sports"},"share_on_mastodon":{"url":"https:\/\/pubeurope.com\/@pt\/115743983152257389","error":""},"_links":{"self":[{"href":"https:\/\/www.europesays.com\/pt\/wp-json\/wp\/v2\/posts\/194214","targetHints":{"allow":["GET"]}}],"collection":[{"href":"https:\/\/www.europesays.com\/pt\/wp-json\/wp\/v2\/posts"}],"about":[{"href":"https:\/\/www.europesays.com\/pt\/wp-json\/wp\/v2\/types\/post"}],"author":[{"embeddable":true,"href":"https:\/\/www.europesays.com\/pt\/wp-json\/wp\/v2\/users\/2"}],"replies":[{"embeddable":true,"href":"https:\/\/www.europesays.com\/pt\/wp-json\/wp\/v2\/comments?post=194214"}],"version-history":[{"count":0,"href":"https:\/\/www.europesays.com\/pt\/wp-json\/wp\/v2\/posts\/194214\/revisions"}],"wp:featuredmedia":[{"embeddable":true,"href":"https:\/\/www.europesays.com\/pt\/wp-json\/wp\/v2\/media\/194215"}],"wp:attachment":[{"href":"https:\/\/www.europesays.com\/pt\/wp-json\/wp\/v2\/media?parent=194214"}],"wp:term":[{"taxonomy":"category","embeddable":true,"href":"https:\/\/www.europesays.com\/pt\/wp-json\/wp\/v2\/categories?post=194214"},{"taxonomy":"post_tag","embeddable":true,"href":"https:\/\/www.europesays.com\/pt\/wp-json\/wp\/v2\/tags?post=194214"}],"curies":[{"name":"wp","href":"https:\/\/api.w.org\/{rel}","templated":true}]}}