{"id":194220,"date":"2025-12-19T03:00:50","date_gmt":"2025-12-19T03:00:50","guid":{"rendered":"https:\/\/www.europesays.com\/pt\/194220\/"},"modified":"2025-12-19T03:00:50","modified_gmt":"2025-12-19T03:00:50","slug":"gigante-ave-do-terror-nao-voava-mas-assombrou-um-continente-inteiro-ha-milhoes-de-anos","status":"publish","type":"post","link":"https:\/\/www.europesays.com\/pt\/194220\/","title":{"rendered":"Gigante &#8220;ave do terror&#8221; n\u00e3o voava, mas assombrou um continente inteiro h\u00e1 milh\u00f5es de anos"},"content":{"rendered":"<p class=\"wp-caption-text top\">H. Santiago Druetta <\/p>\n<p><img decoding=\"async\" loading=\"lazy\" class=\"wp-image-717469 size-kopa-image-size-3\" src=\"https:\/\/www.europesays.com\/pt\/wp-content\/uploads\/2025\/12\/50926f8c0c52641991d08fbb9c512c86-783x450.jpg\" alt=\"\" width=\"700\" height=\"402\"\/><\/p>\n<p class=\"wp-caption-text bot\">Ilustra\u00e7\u00e3o de uma \u201cave do terror\u201d.<\/p>\n<p><strong>Tr\u00eas metros de altura e um bico mort\u00edfero eram o maior pesadelo de mam\u00edferos, r\u00e9pteis e outras aves da Am\u00e9rica do Sul. Mas um dos maiores f\u00f3sseis conhecidos da esp\u00e9cie teve um destino fatal, tra\u00e7ado por um animal bem maior.<\/strong><\/p>\n<p>Com tr\u00eas metros de altura, os <strong>forusrac\u00eddeos<\/strong> (Phorusrhacidae), mais conhecidos como <strong>aves do terror,<\/strong> dominaram a Am\u00e9rica do Sul do per\u00edodo Paleoceno ao Pleistoceno, altura em que partilhavam o habitat com primatas, mam\u00edferos ungulados, pregui\u00e7as-gigantes terrestres e gliptodontes (parentes dos tatus com dimens\u00f5es compar\u00e1veis \u00e0s de um autom\u00f3vel).<\/p>\n<p>A ave gigantesca, que atingia os <strong>tr\u00eas metros de altura<\/strong>, n\u00e3o conseguia voar, mas isso n\u00e3o era um problema para ela: deslocavam-se rapidamente, em corrida, a velocidades de mais de <strong>40 km\/h<\/strong>, e alimentava-se sobretudo de outros animais.<\/p>\n<p>Os seus bicos gigantescos, curvos e fort\u00edssimos eram capazes de p\u00f4r pontos finais a v\u00e1rias vidas ao golpear e despeda\u00e7\u00e1-las: se com eles coexistissem, podiam dar cabo de cavalos modernos com facilidade. Ca\u00e7avam pequenos mam\u00edferos, r\u00e9pteis e outras aves.<\/p>\n<p>Eis o exemplar realista de um membro da fam\u00edlia das aves do terror, exposto no Museu de Hist\u00f3ria Natural de Viena:<\/p>\n<p>O grupo desta esp\u00e9cie, extinguida pela Idade do Gelo, inclui quase 20 esp\u00e9cies distribu\u00eddas por 14 g\u00e9neros e cinco subfam\u00edlias, e os seus parentes vivos mais pr\u00f3ximos ser\u00e3o as <strong>seriemas<\/strong>, aves sul-americanas da fam\u00edlia Cariamidae.<\/p>\n<p>F\u00f3sseis foram encontrados sobretudo na Argentina, Uruguai, Brasil e Patag\u00f3nia chilena, com algumas esp\u00e9cies tamb\u00e9m identificadas na Am\u00e9rica do Norte, ap\u00f3s a forma\u00e7\u00e3o do istmo do Panam\u00e1. Mas um f\u00f3ssil, descoberto nos anos 2000 no Deserto de Tatacoa, na Col\u00f4mbia, datava de h\u00e1 cerca de 12 milh\u00f5es de anos e poder\u00e1 ter sido um dos maiores conhecidos para a esp\u00e9cie identificada, entre 5% e 20% acima dos exemplares j\u00e1 descritos.<\/p>\n<p>Neste caso colombiano, o osso apresentava marcas interpretadas como poss\u00edveis sinais de dentadas de Purussaurus, um caim\u00e3o extinto que poder\u00e1 ter atingido cerca de 9 metros de comprimento, que ter\u00e1 matado a ave do terror, dizem os investigadores do estudo <a href=\"https:\/\/onlinelibrary.wiley.com\/doi\/abs\/10.1002\/spp2.1601\" data-wpel-link=\"external\" target=\"_blank\" rel=\"nofollow external noopener noreferrer\" class=\"ext-link\">publicado<\/a> na Papers in Palaeontology \u00e0 <a href=\"https:\/\/www.sci.news\/paleontology\/terror-bird-fossil-colombia-13394.html#google_vignette\" data-wpel-link=\"external\" target=\"_blank\" rel=\"nofollow external noopener noreferrer\" class=\"ext-link\">Science News<\/a>.<\/p>\n<p>    <a href=\"https:\/\/zap.aeiou.pt\/subscrever-newsletter\" data-wpel-link=\"internal\" rel=\"nofollow noopener\" target=\"_blank\">&#13;<br \/>\n        <img loading=\"lazy\" decoding=\"async\" class=\"aligncenter size-full wp-image-575475\" src=\"https:\/\/www.europesays.com\/pt\/wp-content\/uploads\/2025\/12\/1765389371_545_2d51fe4a0ba54894421ead1809309ed9-1-450x140.jpg\" alt=\"Subscreva a Newsletter ZAP\" width=\"450\" height=\"140\"\/>&#13;<br \/>\n    <\/a><\/p>\n<p>                <a href=\"https:\/\/whatsapp.com\/channel\/0029VaIC4EE2f3EJZPPSbR34\" data-wpel-link=\"external\" target=\"_blank\" rel=\"nofollow external noopener noreferrer\" class=\"ext-link\">&#13;<br \/>\n                    <img loading=\"lazy\" decoding=\"async\" class=\"aligncenter size-full wp-image-575475\" src=\"https:\/\/www.europesays.com\/pt\/wp-content\/uploads\/2025\/12\/1765389371_770_c68c559d956d4ca20f435ed74a6e71e6.png\" alt=\"Siga-nos no WhatsApp\" width=\"175\" height=\"64\"\/>&#13;<br \/>\n                <\/a><\/p>\n<p>                <a href=\"https:\/\/news.google.com\/publications\/CAAiEHRwZondIV71PDjWNoqMduEqFAgKIhB0cGaJ3SFe9Tw41jaKjHbh?hl=en-US&amp;gl=US&amp;ceid=US%3Aen\" data-wpel-link=\"external\" target=\"_blank\" rel=\"nofollow external noopener noreferrer\" class=\"ext-link\">&#13;<br \/>\n                    <img loading=\"lazy\" decoding=\"async\" class=\"aligncenter size-full wp-image-575475\" src=\"https:\/\/www.europesays.com\/pt\/wp-content\/uploads\/2025\/12\/1765389372_556_5123dd8b087b644fdb8f8603acd1bad4.png\" alt=\"Siga-nos no Google News\" width=\"176\" height=\"64\"\/>&#13;<br \/>\n                <\/a><\/p>\n","protected":false},"excerpt":{"rendered":"H. Santiago Druetta Ilustra\u00e7\u00e3o de uma \u201cave do terror\u201d. Tr\u00eas metros de altura e um bico mort\u00edfero eram&hellip;\n","protected":false},"author":2,"featured_media":194221,"comment_status":"","ping_status":"","sticky":false,"template":"","format":"standard","meta":{"footnotes":""},"categories":[50],"tags":[1353,4614,27,28,15,16,14,25,26,21,22,62,12,13,19,20,6951,23,24,17,18,29,30,31,63,64,65],"class_list":{"0":"post-194220","1":"post","2":"type-post","3":"status-publish","4":"format-standard","5":"has-post-thumbnail","7":"category-mundo","8":"tag-animais","9":"tag-biologia","10":"tag-breaking-news","11":"tag-breakingnews","12":"tag-featured-news","13":"tag-featurednews","14":"tag-headlines","15":"tag-latest-news","16":"tag-latestnews","17":"tag-main-news","18":"tag-mainnews","19":"tag-mundo","20":"tag-news","21":"tag-noticias","22":"tag-noticias-principais","23":"tag-noticiasprincipais","24":"tag-paleontologia","25":"tag-principais-noticias","26":"tag-principaisnoticias","27":"tag-top-stories","28":"tag-topstories","29":"tag-ultimas","30":"tag-ultimas-noticias","31":"tag-ultimasnoticias","32":"tag-world","33":"tag-world-news","34":"tag-worldnews"},"share_on_mastodon":{"url":"https:\/\/pubeurope.com\/@pt\/115744006984081989","error":""},"_links":{"self":[{"href":"https:\/\/www.europesays.com\/pt\/wp-json\/wp\/v2\/posts\/194220","targetHints":{"allow":["GET"]}}],"collection":[{"href":"https:\/\/www.europesays.com\/pt\/wp-json\/wp\/v2\/posts"}],"about":[{"href":"https:\/\/www.europesays.com\/pt\/wp-json\/wp\/v2\/types\/post"}],"author":[{"embeddable":true,"href":"https:\/\/www.europesays.com\/pt\/wp-json\/wp\/v2\/users\/2"}],"replies":[{"embeddable":true,"href":"https:\/\/www.europesays.com\/pt\/wp-json\/wp\/v2\/comments?post=194220"}],"version-history":[{"count":0,"href":"https:\/\/www.europesays.com\/pt\/wp-json\/wp\/v2\/posts\/194220\/revisions"}],"wp:featuredmedia":[{"embeddable":true,"href":"https:\/\/www.europesays.com\/pt\/wp-json\/wp\/v2\/media\/194221"}],"wp:attachment":[{"href":"https:\/\/www.europesays.com\/pt\/wp-json\/wp\/v2\/media?parent=194220"}],"wp:term":[{"taxonomy":"category","embeddable":true,"href":"https:\/\/www.europesays.com\/pt\/wp-json\/wp\/v2\/categories?post=194220"},{"taxonomy":"post_tag","embeddable":true,"href":"https:\/\/www.europesays.com\/pt\/wp-json\/wp\/v2\/tags?post=194220"}],"curies":[{"name":"wp","href":"https:\/\/api.w.org\/{rel}","templated":true}]}}