{"id":194222,"date":"2025-12-19T03:03:44","date_gmt":"2025-12-19T03:03:44","guid":{"rendered":"https:\/\/www.europesays.com\/pt\/194222\/"},"modified":"2025-12-19T03:03:44","modified_gmt":"2025-12-19T03:03:44","slug":"chuva-forte-e-neve-a-caminho-estes-distritos-vao-ser-os-mais-afetados","status":"publish","type":"post","link":"https:\/\/www.europesays.com\/pt\/194222\/","title":{"rendered":"Chuva forte e neve a caminho: estes distritos v\u00e3o ser os mais afetados"},"content":{"rendered":"<p>Prepara o guarda-chuva e o teu casaco mais quente. A partir desta quinta-feira, 18 de dezembro, Portugal continental entra num novo epis\u00f3dio de instabilidade, provocado pela passagem sucessiva de duas frentes frias vindas do Atl\u00e2ntico.\n<\/p>\n<p>Viana do Castelo, Braga, Porto, Aveiro, Vila Real, Viseu, Coimbra, Leiria e Lisboa dever\u00e3o ser os distritos mais afetados pelo mau tempo at\u00e9 domingo, de acordo com a &#8216;<a href=\"https:\/\/www.tempo.pt\/noticias\/previsao\/a-partir-de-quinta-2-frentes-frias-avancarao-a-toda-a-velocidade-ate-portugal-onde-chovera-e-nevara-nos-proximos-dias.html\" target=\"_blank\" rel=\"nofollow noopener\">Meteored<\/a>&#8216;\n<\/p>\n<p>A primeira frente come\u00e7a a fazer-se sentir ao in\u00edcio da tarde de quinta-feira, com os primeiros per\u00edodos de chuva a atingirem o Minho e o Douro Litoral. Ao longo das horas seguintes, a precipita\u00e7\u00e3o avan\u00e7a para o interior Norte e Centro, estendendo-se tamb\u00e9m ao litoral Centro e \u00e0 Grande Lisboa.\n<\/p>\n<p>Durante a madrugada de sexta-feira, a frente chega tamb\u00e9m ao Alentejo e ao Algarve. Nas zonas mais altas, est\u00e1 prevista queda de neve acima dos 1600 metros de altitude.\n<\/p>\n<p>Ao final do dia de sexta-feira e durante parte de s\u00e1bado, espera-se uma breve melhoria do estado do tempo. No entanto, uma segunda frente fria vai entrar pelo litoral Norte e Centro, trazendo novamente chuva, que se ir\u00e1 espalhar pelo pa\u00eds ao longo da noite.\n<\/p>\n<p>O domingo promete ser o dia mais severo desta sequ\u00eancia. Esperam-se per\u00edodos frequentes de chuva em praticamente todo o continente, por vezes intensa e acompanhada de granizo.\n<\/p>\n<p>O aviso est\u00e1 dado: os pr\u00f3ximos dias trazem chuva persistente, temperaturas mais baixas e neve nas zonas altas.<\/p>\n","protected":false},"excerpt":{"rendered":"Prepara o guarda-chuva e o teu casaco mais quente. A partir desta quinta-feira, 18 de dezembro, Portugal continental&hellip;\n","protected":false},"author":2,"featured_media":157734,"comment_status":"","ping_status":"","sticky":false,"template":"","format":"standard","meta":{"footnotes":""},"categories":[8],"tags":[783,778,779,774,27,28,764,769,767,772,782,15,16,784,14,222,771,25,26,773,21,22,149,12,768,13,19,20,777,32,23,24,33,766,781,765,763,775,780,776,770,17,18,29,30,31],"class_list":{"0":"post-194222","1":"post","2":"type-post","3":"status-publish","4":"format-standard","5":"has-post-thumbnail","7":"category-principais-noticias","8":"tag-6pm","9":"tag-80s-rfm","10":"tag-80srfm","11":"tag-90s","12":"tag-breaking-news","13":"tag-breakingnews","14":"tag-bruno-mars","15":"tag-cafe-da-manha","16":"tag-comedia","17":"tag-dance-it","18":"tag-emissao-online","19":"tag-featured-news","20":"tag-featurednews","21":"tag-fridayboyz","22":"tag-headlines","23":"tag-humor","24":"tag-jazzy","25":"tag-latest-news","26":"tag-latestnews","27":"tag-latinas","28":"tag-main-news","29":"tag-mainnews","30":"tag-music","31":"tag-news","32":"tag-nilton","33":"tag-noticias","34":"tag-noticias-principais","35":"tag-noticiasprincipais","36":"tag-oceano-pacifico","37":"tag-portugal","38":"tag-principais-noticias","39":"tag-principaisnoticias","40":"tag-pt","41":"tag-radio","42":"tag-radio-online","43":"tag-rfm","44":"tag-rock-in-rio","45":"tag-rocks","46":"tag-somnii","47":"tag-toca-portugal","48":"tag-top-25","49":"tag-top-stories","50":"tag-topstories","51":"tag-ultimas","52":"tag-ultimas-noticias","53":"tag-ultimasnoticias"},"share_on_mastodon":{"url":"","error":"Validation failed: Text character limit of 500 exceeded"},"_links":{"self":[{"href":"https:\/\/www.europesays.com\/pt\/wp-json\/wp\/v2\/posts\/194222","targetHints":{"allow":["GET"]}}],"collection":[{"href":"https:\/\/www.europesays.com\/pt\/wp-json\/wp\/v2\/posts"}],"about":[{"href":"https:\/\/www.europesays.com\/pt\/wp-json\/wp\/v2\/types\/post"}],"author":[{"embeddable":true,"href":"https:\/\/www.europesays.com\/pt\/wp-json\/wp\/v2\/users\/2"}],"replies":[{"embeddable":true,"href":"https:\/\/www.europesays.com\/pt\/wp-json\/wp\/v2\/comments?post=194222"}],"version-history":[{"count":0,"href":"https:\/\/www.europesays.com\/pt\/wp-json\/wp\/v2\/posts\/194222\/revisions"}],"wp:featuredmedia":[{"embeddable":true,"href":"https:\/\/www.europesays.com\/pt\/wp-json\/wp\/v2\/media\/157734"}],"wp:attachment":[{"href":"https:\/\/www.europesays.com\/pt\/wp-json\/wp\/v2\/media?parent=194222"}],"wp:term":[{"taxonomy":"category","embeddable":true,"href":"https:\/\/www.europesays.com\/pt\/wp-json\/wp\/v2\/categories?post=194222"},{"taxonomy":"post_tag","embeddable":true,"href":"https:\/\/www.europesays.com\/pt\/wp-json\/wp\/v2\/tags?post=194222"}],"curies":[{"name":"wp","href":"https:\/\/api.w.org\/{rel}","templated":true}]}}