{"id":194225,"date":"2025-12-19T03:09:12","date_gmt":"2025-12-19T03:09:12","guid":{"rendered":"https:\/\/www.europesays.com\/pt\/194225\/"},"modified":"2025-12-19T03:09:12","modified_gmt":"2025-12-19T03:09:12","slug":"a-unica-saida-novo-filme-do-diretor-de-oldboy-ganha-data-de-estreia-no-brasil","status":"publish","type":"post","link":"https:\/\/www.europesays.com\/pt\/194225\/","title":{"rendered":"A \u00danica Sa\u00edda | Novo filme do diretor de Oldboy ganha data de estreia no Brasil"},"content":{"rendered":"<p class=\"wp-block-yoast-seo-estimated-reading-time yoast-reading-time__wrapper\">Estimated reading time: 2 minutos<\/p>\n<p>A <strong>MUBI<\/strong> anunciou que <a href=\"https:\/\/ovicio.com.br\/tag\/No-Other-Choice\/\" rel=\"nofollow noopener\" target=\"_blank\">A \u00danica Sa\u00edda<\/a>, novo filme do diretor <strong>Park Chan-wook<\/strong> (Oldboy), chegar\u00e1 aos cinemas do Brasil em 22 de janeiro de 2026. O longa-metragem, por aqui, ter\u00e1 distribui\u00e7\u00e3o cinematogr\u00e1fica pela <strong>Mares Filmes<\/strong>, chegando em uma data posterior ao servi\u00e7o de streaming da <strong>MUBI<\/strong>.<\/p>\n<p>Veja abaixo a postagem da <strong>MUBI<\/strong> anunciando a data de estreia no Brasil:<\/p>\n<p><strong>A \u00danica Sa\u00edda<\/strong> \u00e9 uma produ\u00e7\u00e3o sul-coreana estrelada por <strong>Lee Byung-hun<\/strong> (Round 6) como um homem desempregado que, em uma situa\u00e7\u00e3o desesperadora, decide literalmente eliminar os seus concorrentes para finalmente ter a chance de assumir um emprego. O filme vem sendo aclamado pela cr\u00edtica, e \u00e9 considerado um dos favoritos \u00e0 temporada de premia\u00e7\u00f5es.<\/p>\n<p>Como citado anteriormente, <strong>A \u00danica Sa\u00edda<\/strong> chegar\u00e1 aos cinemas do Brasil em 22 de janeiro de 2026.<\/p>\n<p>Leia tamb\u00e9m sobre A \u00danica Sa\u00edda:<\/p>\n","protected":false},"excerpt":{"rendered":"Estimated reading time: 2 minutos A MUBI anunciou que A \u00danica Sa\u00edda, novo filme do diretor Park Chan-wook&hellip;\n","protected":false},"author":2,"featured_media":194226,"comment_status":"","ping_status":"","sticky":false,"template":"","format":"standard","meta":{"footnotes":""},"categories":[140],"tags":[38913,114,115,147,148,146,38914,32,33,16624],"class_list":{"0":"post-194225","1":"post","2":"type-post","3":"status-publish","4":"format-standard","5":"has-post-thumbnail","7":"category-filmes","8":"tag-a-unica-saida","9":"tag-entertainment","10":"tag-entretenimento","11":"tag-film","12":"tag-filmes","13":"tag-movies","14":"tag-oldboy","15":"tag-portugal","16":"tag-pt","17":"tag-round-6"},"share_on_mastodon":{"url":"https:\/\/pubeurope.com\/@pt\/115744038238754363","error":""},"_links":{"self":[{"href":"https:\/\/www.europesays.com\/pt\/wp-json\/wp\/v2\/posts\/194225","targetHints":{"allow":["GET"]}}],"collection":[{"href":"https:\/\/www.europesays.com\/pt\/wp-json\/wp\/v2\/posts"}],"about":[{"href":"https:\/\/www.europesays.com\/pt\/wp-json\/wp\/v2\/types\/post"}],"author":[{"embeddable":true,"href":"https:\/\/www.europesays.com\/pt\/wp-json\/wp\/v2\/users\/2"}],"replies":[{"embeddable":true,"href":"https:\/\/www.europesays.com\/pt\/wp-json\/wp\/v2\/comments?post=194225"}],"version-history":[{"count":0,"href":"https:\/\/www.europesays.com\/pt\/wp-json\/wp\/v2\/posts\/194225\/revisions"}],"wp:featuredmedia":[{"embeddable":true,"href":"https:\/\/www.europesays.com\/pt\/wp-json\/wp\/v2\/media\/194226"}],"wp:attachment":[{"href":"https:\/\/www.europesays.com\/pt\/wp-json\/wp\/v2\/media?parent=194225"}],"wp:term":[{"taxonomy":"category","embeddable":true,"href":"https:\/\/www.europesays.com\/pt\/wp-json\/wp\/v2\/categories?post=194225"},{"taxonomy":"post_tag","embeddable":true,"href":"https:\/\/www.europesays.com\/pt\/wp-json\/wp\/v2\/tags?post=194225"}],"curies":[{"name":"wp","href":"https:\/\/api.w.org\/{rel}","templated":true}]}}