{"id":194238,"date":"2025-12-19T03:21:11","date_gmt":"2025-12-19T03:21:11","guid":{"rendered":"https:\/\/www.europesays.com\/pt\/194238\/"},"modified":"2025-12-19T03:21:11","modified_gmt":"2025-12-19T03:21:11","slug":"oscar-e-isabel-ficam-desconfiados-ha-aqui-qualquer-coisa-muito-estranha-novelas","status":"publish","type":"post","link":"https:\/\/www.europesays.com\/pt\/194238\/","title":{"rendered":"\u00d3scar e Isabel ficam desconfiados: \u00abH\u00e1 aqui qualquer coisa muito estranha\u00bb &#8211; Novelas"},"content":{"rendered":"<p>Em \u00abA Protegida\u00bb, Isabel (Sara Barradas) mostra a \u00d3scar (Joaquim Horta), uma reportagem sobre os hamb\u00fargueres atrelados e diz-lhe para ver a foto do dono da roulotte. \u00d3scar reconhece imediatamente JD (Pedro Sousa), mas ambos concordam que aquilo n\u00e3o faz sentido, pois se n\u00e3o queria ser encontrado, porque daria a entrevista. Isabel e \u00d3scar querem ir j\u00e1 para l\u00e1.<\/p>\n","protected":false},"excerpt":{"rendered":"Em \u00abA Protegida\u00bb, Isabel (Sara Barradas) mostra a \u00d3scar (Joaquim Horta), uma reportagem sobre os hamb\u00fargueres atrelados e&hellip;\n","protected":false},"author":2,"featured_media":194239,"comment_status":"","ping_status":"","sticky":false,"template":"","format":"standard","meta":{"footnotes":""},"categories":[142],"tags":[168,160,166,114,115,157,167,164,2931,161,158,165,159,32,33,156,163,151,162],"class_list":{"0":"post-194238","1":"post","2":"type-post","3":"status-publish","4":"format-standard","5":"has-post-thumbnail","7":"category-tv","8":"tag-a-protegida","9":"tag-ana-guiomar","10":"tag-cristina-ferreira","11":"tag-entertainment","12":"tag-entretenimento","13":"tag-festa-e-festa","14":"tag-ficcao","15":"tag-jose-fidalgo","16":"tag-novela","17":"tag-novelas","18":"tag-para-sempre","19":"tag-pedro-sousa","20":"tag-pedro-teixeira","21":"tag-portugal","22":"tag-pt","23":"tag-queridos-papas","24":"tag-tiago-teotonio-pereira","25":"tag-tv","26":"tag-tvi"},"share_on_mastodon":{"url":"https:\/\/pubeurope.com\/@pt\/115744085284941181","error":""},"_links":{"self":[{"href":"https:\/\/www.europesays.com\/pt\/wp-json\/wp\/v2\/posts\/194238","targetHints":{"allow":["GET"]}}],"collection":[{"href":"https:\/\/www.europesays.com\/pt\/wp-json\/wp\/v2\/posts"}],"about":[{"href":"https:\/\/www.europesays.com\/pt\/wp-json\/wp\/v2\/types\/post"}],"author":[{"embeddable":true,"href":"https:\/\/www.europesays.com\/pt\/wp-json\/wp\/v2\/users\/2"}],"replies":[{"embeddable":true,"href":"https:\/\/www.europesays.com\/pt\/wp-json\/wp\/v2\/comments?post=194238"}],"version-history":[{"count":0,"href":"https:\/\/www.europesays.com\/pt\/wp-json\/wp\/v2\/posts\/194238\/revisions"}],"wp:featuredmedia":[{"embeddable":true,"href":"https:\/\/www.europesays.com\/pt\/wp-json\/wp\/v2\/media\/194239"}],"wp:attachment":[{"href":"https:\/\/www.europesays.com\/pt\/wp-json\/wp\/v2\/media?parent=194238"}],"wp:term":[{"taxonomy":"category","embeddable":true,"href":"https:\/\/www.europesays.com\/pt\/wp-json\/wp\/v2\/categories?post=194238"},{"taxonomy":"post_tag","embeddable":true,"href":"https:\/\/www.europesays.com\/pt\/wp-json\/wp\/v2\/tags?post=194238"}],"curies":[{"name":"wp","href":"https:\/\/api.w.org\/{rel}","templated":true}]}}