{"id":194240,"date":"2025-12-19T03:23:11","date_gmt":"2025-12-19T03:23:11","guid":{"rendered":"https:\/\/www.europesays.com\/pt\/194240\/"},"modified":"2025-12-19T03:23:11","modified_gmt":"2025-12-19T03:23:11","slug":"o-agente-secreto-entra-na-lista-dos-melhores-filmes-de-barack-obama","status":"publish","type":"post","link":"https:\/\/www.europesays.com\/pt\/194240\/","title":{"rendered":"\u201cO Agente Secreto\u201d entra na lista dos melhores filmes de Barack Obama"},"content":{"rendered":"<p>O filme brasileiro \u201cO Agente Secreto\u201d, de Kleber Mendon\u00e7a Filho, que j\u00e1 coleciona importantes premia\u00e7\u00f5es como as do Festival de Cannes, do New York Film Critics Circle, dos festivais de cinema de Lima, Jerusal\u00e9m, Roterd\u00e3 e Zurique, al\u00e9m de estar indicado em tr\u00eas categorias ao Globo de Ouro, que ser\u00e1 entregue no dia 11 de janeiro, e estar na pr\u00e9-lista do Oscar 2026, entrou em mais uma lista badalada nesta quinta-feira, dia 18 de dezembro. O filme estrelado por Wagner Moura e que trata de um professor em fuga de um empres\u00e1rio corrupto durante o ano de 1977, em plena ditadura militar em Recife, entrou na lista dos filmes favoritos do ex-presidente dos Estados Unidos, Barack Obama, em uma lista publicada em seu Instagram, onde constam tamb\u00e9m os seus livros e suas m\u00fasicas favoritas deste ano. Na publica\u00e7\u00e3o, Obama diz mais ou menos o seguinte:    <\/p>\n<blockquote>\n<p>\u201cCom o ano de 2025 chegando ao fim, dou continuidade a uma tradi\u00e7\u00e3o que comecei durante meu per\u00edodo na Casa Branca: compartilhar minhas listas anuais de livros, filmes e m\u00fasicas favoritos. Espero que voc\u00ea encontre algo novo para curtir \u2014 e, por favor, envie suas recomenda\u00e7\u00f5es para eu conferir!\u201d<\/p>\n<\/blockquote>\n<p>Na lista dos filmes de Obama, est\u00e3o outros oscariz\u00e1veis como \u201cJay Kelly\u201d, \u201cValor Sentimental\u201d, \u201cFoi Apenas um Acidente\u201d, \u201cSonhos de Trem\u201d, \u201cPecadores\u201d e \u201cHamnet\u201d. O detalhe \u00e9 que entre os livros favoritos de Obama est\u00e1, \u201cobviamente\u201d, como ele mesmo deixou claro, o livro \u201cThe Look\u201d, da parceira de vida, Michelle Obama. <\/p>\n","protected":false},"excerpt":{"rendered":"O filme brasileiro \u201cO Agente Secreto\u201d, de Kleber Mendon\u00e7a Filho, que j\u00e1 coleciona importantes premia\u00e7\u00f5es como as do&hellip;\n","protected":false},"author":2,"featured_media":194241,"comment_status":"","ping_status":"","sticky":false,"template":"","format":"standard","meta":{"footnotes":""},"categories":[140],"tags":[3428,8732,114,115,147,148,146,2158,32,33],"class_list":{"0":"post-194240","1":"post","2":"type-post","3":"status-publish","4":"format-standard","5":"has-post-thumbnail","7":"category-filmes","8":"tag-arte-agenda","9":"tag-barack-obama","10":"tag-entertainment","11":"tag-entretenimento","12":"tag-film","13":"tag-filmes","14":"tag-movies","15":"tag-o-agente-secreto","16":"tag-portugal","17":"tag-pt"},"share_on_mastodon":{"url":"https:\/\/pubeurope.com\/@pt\/115744093286122898","error":""},"_links":{"self":[{"href":"https:\/\/www.europesays.com\/pt\/wp-json\/wp\/v2\/posts\/194240","targetHints":{"allow":["GET"]}}],"collection":[{"href":"https:\/\/www.europesays.com\/pt\/wp-json\/wp\/v2\/posts"}],"about":[{"href":"https:\/\/www.europesays.com\/pt\/wp-json\/wp\/v2\/types\/post"}],"author":[{"embeddable":true,"href":"https:\/\/www.europesays.com\/pt\/wp-json\/wp\/v2\/users\/2"}],"replies":[{"embeddable":true,"href":"https:\/\/www.europesays.com\/pt\/wp-json\/wp\/v2\/comments?post=194240"}],"version-history":[{"count":0,"href":"https:\/\/www.europesays.com\/pt\/wp-json\/wp\/v2\/posts\/194240\/revisions"}],"wp:featuredmedia":[{"embeddable":true,"href":"https:\/\/www.europesays.com\/pt\/wp-json\/wp\/v2\/media\/194241"}],"wp:attachment":[{"href":"https:\/\/www.europesays.com\/pt\/wp-json\/wp\/v2\/media?parent=194240"}],"wp:term":[{"taxonomy":"category","embeddable":true,"href":"https:\/\/www.europesays.com\/pt\/wp-json\/wp\/v2\/categories?post=194240"},{"taxonomy":"post_tag","embeddable":true,"href":"https:\/\/www.europesays.com\/pt\/wp-json\/wp\/v2\/tags?post=194240"}],"curies":[{"name":"wp","href":"https:\/\/api.w.org\/{rel}","templated":true}]}}