{"id":194250,"date":"2025-12-19T03:29:11","date_gmt":"2025-12-19T03:29:11","guid":{"rendered":"https:\/\/www.europesays.com\/pt\/194250\/"},"modified":"2025-12-19T03:29:11","modified_gmt":"2025-12-19T03:29:11","slug":"zelensky-diz-que-adesao-a-nato-esta-na-constituicao-ucraniana-e-nao-desiste-da-intencao","status":"publish","type":"post","link":"https:\/\/www.europesays.com\/pt\/194250\/","title":{"rendered":"Zelensky diz que ades\u00e3o \u00e0 NATO est\u00e1 na Constitui\u00e7\u00e3o ucraniana e n\u00e3o desiste da inten\u00e7\u00e3o"},"content":{"rendered":"<p>        O presidente da Ucr\u00e2nia, Volodymyr Zelensky, sublinhou, esta quinta-feira, que a ades\u00e3o \u00e0 NATO est\u00e1 inscrita na Constitui\u00e7\u00e3o do pa\u00eds, que n\u00e3o tenciona alterar por exig\u00eancia da R\u00fassia. No domingo tinha admitido deixar cair a candidatura do pa\u00eds \u00e0 NATO como contrapartida por garantias de seguran\u00e7a do Ocidente.    <\/p>\n<p>O presidente da Ucr\u00e2nia, Volodymyr Zelensky, sublinhou, esta quinta-feira, que a ades\u00e3o \u00e0 NATO est\u00e1 inscrita na Constitui\u00e7\u00e3o do pa\u00eds, que n\u00e3o tenciona alterar por exig\u00eancia da R\u00fassia.<\/p>\n<p>\u201cN\u00e3o vou mudar a minha Constitui\u00e7\u00e3o \u2013 que \u00e9 o que os ucranianos decidiram \u2013 s\u00f3 porque isso \u00e9 o que a R\u00fassia quer\u201d, referiu Zelensky, numa confer\u00eancia de imprensa ap\u00f3s ter-se reunido com os l\u00edderes da Uni\u00e3o Europeia (UE) em Bruxelas, acrescentando que a Ucr\u00e2nia acredita merecer as garantias de seguran\u00e7a para travar o conflito em curso e prevenir outra eventual agress\u00e3o russa.<\/p>\n<p>Referindo que em Washington, desde a Presid\u00eancia norte-americana liderada pelo democrata Joe Biden, lhe dizem que a Ucr\u00e2nia n\u00e3o entrar\u00e1 na Organiza\u00e7\u00e3o do Tratado do Atl\u00e2ntico Norte (NATO), o chefe de Estado ucraniano frisou que o seu objetivo \u00e9 \u201ctentar mudar essas posi\u00e7\u00f5es\u201d.<\/p>\n<p>\u201cTemos na Constitui\u00e7\u00e3o a ades\u00e3o \u00e0 NATO e queremo-la, essas s\u00e3o verdadeiras garantias de seguran\u00e7a\u201d, afirmou.<\/p>\n<p>\u201cA pol\u00edtica dos EUA \u00e9 que n\u00e3o nos v\u00ea na NATO, por agora. Mas tudo na pol\u00edtica \u00e9 por agora, a pol\u00edtica muda e podem chegar \u00e0 conclus\u00e3o que a Ucr\u00e2nia refor\u00e7a a NATO\u201d, prosseguiu.<\/p>\n<p>\u201cS\u00f3 os membros da NATO podem dizer quem querem l\u00e1\u201d, afirmou o governante.\u00a0E concluiu: \u201cA nossa posi\u00e7\u00e3o mant\u00e9m-se e o nosso desejo de entrar na NATO tamb\u00e9m\u201d.<\/p>\n<p>H\u00e1 quatro dias, no dia 14 de dezembro, o presidente ucraniano Volodymyr Zelensky admitiu, na Alemanha, deixar cair a candidatura do pa\u00eds \u00e0 NATO como contrapartida por garantias de seguran\u00e7a do Ocidente, altura em que rejeitou a press\u00e3o dos EUA para ceder territ\u00f3rios \u00e0 R\u00fassia.<\/p>\n<p>Os l\u00edderes dos 27 da UE est\u00e3o, esta quinta-feira, reunidos em Bruxelas para discutir o apoio financeiro \u00e0 Ucr\u00e2nia em 2026 e 2027, sendo a principal quest\u00e3o do encontro a eventual aprova\u00e7\u00e3o de um empr\u00e9stimo de repara\u00e7\u00f5es com base nos ativos russos imobilizados.<\/p>\n<p>A Ucr\u00e2nia tem contado com ajuda financeira e em armamento dos aliados ocidentais desde que a R\u00fassia invadiu o pa\u00eds, em 24 de fevereiro de 2022.<\/p>\n<p>Os aliados de Kiev tamb\u00e9m t\u00eam decretado san\u00e7\u00f5es contra setores-chave da economia russa para tentar diminuir a capacidade de Moscovo de financiar o esfor\u00e7o de guerra na Ucr\u00e2nia.<\/p>\n<p>A ofensiva militar russa no territ\u00f3rio ucraniano mergulhou a Europa naquela que \u00e9 considerada a crise de seguran\u00e7a mais grave desde a Segunda Guerra Mundial (1939-1945).<\/p>\n","protected":false},"excerpt":{"rendered":"O presidente da Ucr\u00e2nia, Volodymyr Zelensky, sublinhou, esta quinta-feira, que a ades\u00e3o \u00e0 NATO est\u00e1 inscrita na Constitui\u00e7\u00e3o&hellip;\n","protected":false},"author":2,"featured_media":194251,"comment_status":"","ping_status":"","sticky":false,"template":"","format":"standard","meta":{"footnotes":""},"categories":[50],"tags":[27,28,15,16,14,25,26,21,22,62,12,13,19,20,23,24,17,18,4890,29,30,31,63,64,65],"class_list":{"0":"post-194250","1":"post","2":"type-post","3":"status-publish","4":"format-standard","5":"has-post-thumbnail","7":"category-mundo","8":"tag-breaking-news","9":"tag-breakingnews","10":"tag-featured-news","11":"tag-featurednews","12":"tag-headlines","13":"tag-latest-news","14":"tag-latestnews","15":"tag-main-news","16":"tag-mainnews","17":"tag-mundo","18":"tag-news","19":"tag-noticias","20":"tag-noticias-principais","21":"tag-noticiasprincipais","22":"tag-principais-noticias","23":"tag-principaisnoticias","24":"tag-top-stories","25":"tag-topstories","26":"tag-ucrania-russia","27":"tag-ultimas","28":"tag-ultimas-noticias","29":"tag-ultimasnoticias","30":"tag-world","31":"tag-world-news","32":"tag-worldnews"},"share_on_mastodon":{"url":"https:\/\/pubeurope.com\/@pt\/115744116820367385","error":""},"_links":{"self":[{"href":"https:\/\/www.europesays.com\/pt\/wp-json\/wp\/v2\/posts\/194250","targetHints":{"allow":["GET"]}}],"collection":[{"href":"https:\/\/www.europesays.com\/pt\/wp-json\/wp\/v2\/posts"}],"about":[{"href":"https:\/\/www.europesays.com\/pt\/wp-json\/wp\/v2\/types\/post"}],"author":[{"embeddable":true,"href":"https:\/\/www.europesays.com\/pt\/wp-json\/wp\/v2\/users\/2"}],"replies":[{"embeddable":true,"href":"https:\/\/www.europesays.com\/pt\/wp-json\/wp\/v2\/comments?post=194250"}],"version-history":[{"count":0,"href":"https:\/\/www.europesays.com\/pt\/wp-json\/wp\/v2\/posts\/194250\/revisions"}],"wp:featuredmedia":[{"embeddable":true,"href":"https:\/\/www.europesays.com\/pt\/wp-json\/wp\/v2\/media\/194251"}],"wp:attachment":[{"href":"https:\/\/www.europesays.com\/pt\/wp-json\/wp\/v2\/media?parent=194250"}],"wp:term":[{"taxonomy":"category","embeddable":true,"href":"https:\/\/www.europesays.com\/pt\/wp-json\/wp\/v2\/categories?post=194250"},{"taxonomy":"post_tag","embeddable":true,"href":"https:\/\/www.europesays.com\/pt\/wp-json\/wp\/v2\/tags?post=194250"}],"curies":[{"name":"wp","href":"https:\/\/api.w.org\/{rel}","templated":true}]}}