{"id":194266,"date":"2025-12-19T03:49:13","date_gmt":"2025-12-19T03:49:13","guid":{"rendered":"https:\/\/www.europesays.com\/pt\/194266\/"},"modified":"2025-12-19T03:49:13","modified_gmt":"2025-12-19T03:49:13","slug":"gisele-bundchen-surge-com-look-impecavel-em-evento-no-brasil","status":"publish","type":"post","link":"https:\/\/www.europesays.com\/pt\/194266\/","title":{"rendered":"Gisele B\u00fcndchen surge com look impec\u00e1vel em evento no Brasil"},"content":{"rendered":"<p>A modelo <strong>Gisele B\u00fcndchen<\/strong> est\u00e1 em solo brasileiro! Vivendo nos Estados Unidos com a fam\u00edlia, ela desembarcou no Brasil para prestigiar um evento na cidade de S\u00e3o Paulo.<\/p>\n<p>Nesta quinta-feira, 18, a top model foi a estrela do evento de uma joalheria na Cinemateca Brasileira e chegou ao local acompanha de sua irm\u00e3 g\u00eamea, <strong>Patr\u00edcia B\u00fcndchen<\/strong>. Para a ocasi\u00e3o, ela ostentou toda a sua beleza e boa forma em um look deslumbrante.<\/p>\n<p>Gisele apostou em um vestido marrom just\u00edssimo, o que destacou seu corpo mag\u00e9rrimo ap\u00f3s ter 3 filhos. Hoje em dia, ela \u00e9 m\u00e3e de dois meninos e uma menina.<\/p>\n<p> <img loading=\"lazy\" decoding=\"async\" class=\"wp-image-1046934 size-full img-fluid lazy\" alt=\"Gisele B\u00fcndchen em evento no Brasil - Foto: Lucas Ramos \/ Brazil News\" width=\"1366\" height=\"2048\" src=\"https:\/\/www.europesays.com\/pt\/wp-content\/uploads\/2025\/12\/gisele-bundchen-no-brasil-4.jpg\"  \/>Gisele B\u00fcndchen em evento no Brasil \u2013 Foto: Lucas Ramos \/ Brazil News <img loading=\"lazy\" decoding=\"async\" class=\"wp-image-1046935 size-full img-fluid lazy\" alt=\"Gisele B\u00fcndchen em evento no Brasil - Foto: Lucas Ramos \/ Brazil News\" width=\"1366\" height=\"2048\" src=\"https:\/\/www.europesays.com\/pt\/wp-content\/uploads\/2025\/12\/gisele-bundchen-no-brasil-5.jpg\"  \/>Gisele B\u00fcndchen em evento no Brasil \u2013 Foto: Lucas Ramos \/ Brazil News <img loading=\"lazy\" decoding=\"async\" class=\"wp-image-1046932 size-full img-fluid lazy\" alt=\"Gisele B\u00fcndchen em evento no Brasil - Foto: Clayton Felizardo \/ Brazilnews\" width=\"1372\" height=\"1854\" src=\"https:\/\/www.europesays.com\/pt\/wp-content\/uploads\/2025\/12\/gisele-bundchen-no-brasil-2.jpeg\"  \/>Gisele B\u00fcndchen em evento no Brasil \u2013 Foto: Clayton Felizardo \/ Brazilnews <img loading=\"lazy\" decoding=\"async\" class=\"wp-image-1046931 size-full img-fluid lazy\" alt=\"Gisele B\u00fcndchen em evento no Brasil - Foto: Clayton Felizardo \/ Brazilnews\" width=\"2160\" height=\"1694\" src=\"https:\/\/www.europesays.com\/pt\/wp-content\/uploads\/2025\/12\/gisele-bundchen-no-brasil-1.jpeg\"  \/>Gisele B\u00fcndchen em evento no Brasil \u2013 Foto: Clayton Felizardo \/ Brazilnews <img loading=\"lazy\" decoding=\"async\" class=\"wp-image-1046933 size-full img-fluid lazy\" alt=\"Gisele B\u00fcndchen em evento no Brasil - Foto: Clayton Felizardo \/ Brazilnews\" width=\"1605\" height=\"2560\" src=\"https:\/\/www.europesays.com\/pt\/wp-content\/uploads\/2025\/12\/gisele-bundchen-no-brasil-3-scaled.jpeg\"  \/>Gisele B\u00fcndchen em evento no Brasil \u2013 Foto: Clayton Felizardo \/ Brazilnews <img loading=\"lazy\" decoding=\"async\" class=\"wp-image-1046941 size-full img-fluid lazy\" alt=\"Gisele B\u00fcndchen e a irm\u00e3 g\u00eamea, Patr\u00edcia B\u00fcndchen - Foto: Lucas Ramos \/ Brazil News\" width=\"1366\" height=\"2048\" src=\"https:\/\/www.europesays.com\/pt\/wp-content\/uploads\/2025\/12\/gisele-e-patricia-bundchen.jpg\"  \/>Gisele B\u00fcndchen e a irm\u00e3 g\u00eamea, Patr\u00edcia B\u00fcndchen \u2013 Foto: Lucas Ramos \/ Brazil News <\/p>\n<p><strong>Leia tamb\u00e9m<\/strong>: <a href=\"https:\/\/caras.com.br\/datas-especiais\/filha-de-gisele-bundchen-e-a-cara-da-mae-e-novas-fotos-comprovam-isso.phtml\" rel=\"nofollow noopener\" target=\"_blank\">Filha de Gisele B\u00fcndchen \u00e9 a cara da m\u00e3e e novas fotos comprovam isso<\/a><\/p>\n<p>\t O amor de Gisele B\u00fcndchen e Joaquim Valente <\/p>\n<p>A supermodelo brasileira Gisele B\u00fcndchen, aos 45 anos, irradia um brilho renovado, ancorada em uma fase de grande realiza\u00e7\u00e3o pessoal e profissional. O centro dessa felicidade \u00e9 seu parceiro, o carioca Joaquim Valente, 35, mestre em jiu-j\u00edtsu. O que come\u00e7ou como uma amizade discreta evoluiu para um romance profundo, culminando em um marco inquestion\u00e1vel: o nascimento do primeiro filho do casal no in\u00edcio de 2025.<\/p>\n<p>Os murm\u00farios sobre a liga\u00e7\u00e3o entre Gisele e Joaquim come\u00e7aram a se intensificar no final de 2022, logo ap\u00f3s o div\u00f3rcio da modelo com o ex-astro da NFL, Tom Brady. O elo inicial foi o esporte e a confian\u00e7a: Joaquim atuava como instrutor de jiu-j\u00edtsu para Gisele e seus filhos, Benjamin e Vivian, em Miami.<\/p>\n<p>Apesar da forte especula\u00e7\u00e3o da m\u00eddia, a modelo manteve a discri\u00e7\u00e3o, classificando Joaquim publicamente apenas como um \u201cprofessor\u201d e um membro \u201cconfi\u00e1vel\u201d do c\u00edrculo familiar. O v\u00e9u sobre o romance, no entanto, foi oficialmente levantado em mar\u00e7o de 2024, quando Gisele confirmou a uni\u00e3o em uma franca entrevista ao The New York Times, revelando a profundidade do novo afeto.<\/p>\n<p> A chegada de um beb\u00ea <\/p>\n<p>A not\u00edcia que elevou o relacionamento ao patamar de manchete global veio em outubro de 2024: Gisele, aos 44 anos, estava gr\u00e1vida. A gesta\u00e7\u00e3o foi confirmada por sua assessoria \u00e0 revista People, gerando grande entusiasmo e surpresa positiva entre f\u00e3s e a imprensa.<\/p>\n<p>O cl\u00edmax dessa hist\u00f3ria de amor e novos in\u00edcios ocorreu em fevereiro de 2025. O site TMZ, e posteriormente a sogra de Gisele, Alice Silveira, noticiaram o nascimento do primeiro filho do casal, um menino.<\/p>\n<p>Fiel ao estilo de vida que preza pela intimidade, o casal manteve todos os detalhes da gesta\u00e7\u00e3o e do parto \u2014 incluindo o nome da crian\u00e7a, a data exata e o peso \u2014 estritamente fora dos holofotes. O nascimento discreto apenas refor\u00e7a a muralha de privacidade que Gisele e Joaquim constru\u00edram em torno de seu ninho de amor em Miami.<\/p>\n<p><strong>Leia tamb\u00e9m:<\/strong> <a href=\"https:\/\/caras.com.br\/atualidades\/gisele-bundchen-faz-primeira-declaracao-de-amor-para-o-namorado-na-web.phtml\" rel=\"nofollow noopener\" target=\"_blank\">Gisele B\u00fcndchen faz primeira declara\u00e7\u00e3o de amor para o namorado na web<\/a><\/p>\n<p>        <a href=\"https:\/\/caras.com.br\/autor\/priscilla-comoti\" rel=\"nofollow noopener\" target=\"_blank\">&#13;<br \/>\n          <img alt=\"Priscilla Comoti\" src=\"https:\/\/www.europesays.com\/pt\/wp-content\/uploads\/2025\/12\/1766116153_335_e53883bdf02c542f6517b68879e8cb08b27a1d55c4dfd53577e47d3ab6331a06\"  class=\"avatar avatar-115 photo rounded-circle mr-3\" height=\"115\" width=\"115\" loading=\"lazy\" decoding=\"async\"\/>        <\/a><\/p>\n<p>Priscilla Comoti \u00e9 editora de conte\u00fado do site CARAS. Ela \u00e9 formada em jornalismo e em audiovisual, j\u00e1 passou pelos sites Contigo!, Minha Novela, TiTiTi, Mais Novela e Portal M\u00e1rcia Piovesan. Escreve sobre celebridades, not\u00edcias sobre a fam\u00edlia real brit\u00e2nica, TV, reality show e novelas.<\/p>\n","protected":false},"excerpt":{"rendered":"A modelo Gisele B\u00fcndchen est\u00e1 em solo brasileiro! Vivendo nos Estados Unidos com a fam\u00edlia, ela desembarcou no&hellip;\n","protected":false},"author":2,"featured_media":194267,"comment_status":"","ping_status":"","sticky":false,"template":"","format":"standard","meta":{"footnotes":""},"categories":[145],"tags":[726,211,210,114,115,7763,12115,4319,1079,17744,32,33],"class_list":{"0":"post-194266","1":"post","2":"type-post","3":"status-publish","4":"format-standard","5":"has-post-thumbnail","7":"category-celebridades","8":"tag-brasil","9":"tag-celebridades","10":"tag-celebrities","11":"tag-entertainment","12":"tag-entretenimento","13":"tag-fashion","14":"tag-gisele-bundchen","15":"tag-look","16":"tag-moda","17":"tag-modelo","18":"tag-portugal","19":"tag-pt"},"share_on_mastodon":{"url":"https:\/\/pubeurope.com\/@pt\/115744195888128737","error":""},"_links":{"self":[{"href":"https:\/\/www.europesays.com\/pt\/wp-json\/wp\/v2\/posts\/194266","targetHints":{"allow":["GET"]}}],"collection":[{"href":"https:\/\/www.europesays.com\/pt\/wp-json\/wp\/v2\/posts"}],"about":[{"href":"https:\/\/www.europesays.com\/pt\/wp-json\/wp\/v2\/types\/post"}],"author":[{"embeddable":true,"href":"https:\/\/www.europesays.com\/pt\/wp-json\/wp\/v2\/users\/2"}],"replies":[{"embeddable":true,"href":"https:\/\/www.europesays.com\/pt\/wp-json\/wp\/v2\/comments?post=194266"}],"version-history":[{"count":0,"href":"https:\/\/www.europesays.com\/pt\/wp-json\/wp\/v2\/posts\/194266\/revisions"}],"wp:featuredmedia":[{"embeddable":true,"href":"https:\/\/www.europesays.com\/pt\/wp-json\/wp\/v2\/media\/194267"}],"wp:attachment":[{"href":"https:\/\/www.europesays.com\/pt\/wp-json\/wp\/v2\/media?parent=194266"}],"wp:term":[{"taxonomy":"category","embeddable":true,"href":"https:\/\/www.europesays.com\/pt\/wp-json\/wp\/v2\/categories?post=194266"},{"taxonomy":"post_tag","embeddable":true,"href":"https:\/\/www.europesays.com\/pt\/wp-json\/wp\/v2\/tags?post=194266"}],"curies":[{"name":"wp","href":"https:\/\/api.w.org\/{rel}","templated":true}]}}