{"id":194279,"date":"2025-12-19T04:09:13","date_gmt":"2025-12-19T04:09:13","guid":{"rendered":"https:\/\/www.europesays.com\/pt\/194279\/"},"modified":"2025-12-19T04:09:13","modified_gmt":"2025-12-19T04:09:13","slug":"fc-porto-froholdt-e-o-melhor-futebolista-dinamarques-de-2025","status":"publish","type":"post","link":"https:\/\/www.europesays.com\/pt\/194279\/","title":{"rendered":"FC Porto: Froholdt \u00e9 o melhor futebolista dinamarqu\u00eas de 2025"},"content":{"rendered":"<p style=\"margin-bottom:11px\">Victor\u00a0Froholdt foi eleito o melhor futebolista dinamarqu\u00eas de 2025, superando a concorr\u00eancia, entre outros, de Hjulmand. O m\u00e9dio de 19 anos j\u00e1 havia sido escolhido como o talento do ano. Natural de Copenhaga, Froholdt leva dois golos e quatro assist\u00eancias em 21 jogos pelo FC Porto, sendo titular indiscut\u00edvel.<\/p>\n<p>Esta vota\u00e7\u00e3o foi realizada pelos jogadores dinamarqueses. Froholdt sucede\u00a0Hjulmand\u00a0(2024), Christensen\u00a0(2023), H\u00f8jbjerg\u00a0(2022), Kj\u00e6r\u00a0(2021) e Schmeichel\u00a0(2020).<\/p>\n<p>\u00a0<\/p>\n<blockquote class=\"instagram-media\" data-instgrm-captioned=\"\" data-instgrm-permalink=\"https:\/\/www.instagram.com\/p\/DSaXaZKAtkP\/?utm_source=ig_embed&amp;utm_campaign=loading\" data-instgrm-version=\"14\" style=\" background:#FFF; border:0; border-radius:3px; box-shadow:0 0 1px 0 rgba(0,0,0,0.5),0 1px 10px 0 rgba(0,0,0,0.15); margin: 1px; max-width:540px; min-width:326px; padding:0; width:99.375%; width:-webkit-calc(100% - 2px); width:calc(100% - 2px);\">\n<\/blockquote>\n<p>                                <script async src=\"\/\/www.instagram.com\/embed.js\"><\/script><\/p>\n","protected":false},"excerpt":{"rendered":"Victor\u00a0Froholdt foi eleito o melhor futebolista dinamarqu\u00eas de 2025, superando a concorr\u00eancia, entre outros, de Hjulmand. O m\u00e9dio&hellip;\n","protected":false},"author":2,"featured_media":104411,"comment_status":"","ping_status":"","sticky":false,"template":"","format":"standard","meta":{"footnotes":""},"categories":[87],"tags":[135,4639,282,5933,82,46,462,32,33,47,134],"class_list":{"0":"post-194279","1":"post","2":"type-post","3":"status-publish","4":"format-standard","5":"has-post-thumbnail","7":"category-desporto","8":"tag-desporto","9":"tag-dinamarca","10":"tag-fc-porto","11":"tag-froholdt","12":"tag-internacional","13":"tag-maisfutebol","14":"tag-porto","15":"tag-portugal","16":"tag-pt","17":"tag-pura-paixao","18":"tag-sports"},"share_on_mastodon":{"url":"https:\/\/pubeurope.com\/@pt\/115744274442164780","error":""},"_links":{"self":[{"href":"https:\/\/www.europesays.com\/pt\/wp-json\/wp\/v2\/posts\/194279","targetHints":{"allow":["GET"]}}],"collection":[{"href":"https:\/\/www.europesays.com\/pt\/wp-json\/wp\/v2\/posts"}],"about":[{"href":"https:\/\/www.europesays.com\/pt\/wp-json\/wp\/v2\/types\/post"}],"author":[{"embeddable":true,"href":"https:\/\/www.europesays.com\/pt\/wp-json\/wp\/v2\/users\/2"}],"replies":[{"embeddable":true,"href":"https:\/\/www.europesays.com\/pt\/wp-json\/wp\/v2\/comments?post=194279"}],"version-history":[{"count":0,"href":"https:\/\/www.europesays.com\/pt\/wp-json\/wp\/v2\/posts\/194279\/revisions"}],"wp:featuredmedia":[{"embeddable":true,"href":"https:\/\/www.europesays.com\/pt\/wp-json\/wp\/v2\/media\/104411"}],"wp:attachment":[{"href":"https:\/\/www.europesays.com\/pt\/wp-json\/wp\/v2\/media?parent=194279"}],"wp:term":[{"taxonomy":"category","embeddable":true,"href":"https:\/\/www.europesays.com\/pt\/wp-json\/wp\/v2\/categories?post=194279"},{"taxonomy":"post_tag","embeddable":true,"href":"https:\/\/www.europesays.com\/pt\/wp-json\/wp\/v2\/tags?post=194279"}],"curies":[{"name":"wp","href":"https:\/\/api.w.org\/{rel}","templated":true}]}}