{"id":194301,"date":"2025-12-19T04:45:13","date_gmt":"2025-12-19T04:45:13","guid":{"rendered":"https:\/\/www.europesays.com\/pt\/194301\/"},"modified":"2025-12-19T04:45:13","modified_gmt":"2025-12-19T04:45:13","slug":"agora-ela-vai-saber-minhas-musicas-record","status":"publish","type":"post","link":"https:\/\/www.europesays.com\/pt\/194301\/","title":{"rendered":"\u2018Agora ela vai saber minhas m\u00fasicas\u2019 \u2013 Record"},"content":{"rendered":"<p><img decoding=\"async\" data-chromatic=\"ignore\" alt=\"\" class=\"c-image\" loading=\"lazy\" src=\"https:\/\/www.europesays.com\/pt\/wp-content\/uploads\/2025\/12\/KSPL6J72XVFEVMR3ZDBO3OPBGM.png\"  width=\"2116\" height=\"1153\"\/>Belo amou o presente que Rayane recebeu Reprodu\u00e7\u00e3o\/Instagram <\/p>\n<p class=\"jarvics:base-text-neutral-high-400 base-text-[calc(theme(fontSize.xs)_*_var(--font-size,_1))] base-font-normal base-font-primary base-text-neutral-low-500 base-text-left\">Por isso o Belo n\u00e3o esperava! No Inimigo Secreto do Link Podcast com os ex-pe\u00f5es de <a href=\"https:\/\/record.r7.com\/a-fazenda\/a-fazenda-17\/\" target=\"_self\" rel=\"nofollow noopener\" title=\"https:\/\/record.r7.com\/a-fazenda\/a-fazenda-17\/\"><b>A Fazenda<\/b><\/a>, <a href=\"https:\/\/record.r7.com\/a-fazenda\/a-fazenda-17\/peoes\/yona-sousa\" target=\"_self\" title=\"Yon&#xE1; Sousa\" rel=\"nofollow noopener\"><b>Yon\u00e1 Sousa<\/b><\/a><b> <\/b>presenteou <a href=\"https:\/\/record.r7.com\/a-fazenda\/a-fazenda-17\/peoes\/rayane-figliuzzi\" target=\"_self\" title=\"Rayane Figliuzzi\" rel=\"nofollow noopener\"><b>Rayane Figliuzzi<\/b><\/a> com um CD do cantor. A influenciadora mostrou para o namorado, que n\u00e3o conseguiu segurara a piada!<\/p>\n<ul class=\"b-article-body__list-unordered\">\n<li><b>Quer ficar por dentro de tudo que est\u00e1 acontecendo em\u00a0<\/b><b>A Fazenda 17<\/b><b>?\u00a0<\/b><a href=\"https:\/\/www.whatsapp.com\/channel\/0029Va2cJIR1noz2ahzX0D1N\" target=\"_blank\" rel=\"noreferrer nofollow noopener\" title=\"https:\/\/www.whatsapp.com\/channel\/0029Va2cJIR1noz2ahzX0D1N\"><b>Clique aqui<\/b><\/a><b>\u00a0e fa\u00e7a parte do nosso canal no WhatsApp!<\/b><\/li>\n<\/ul>\n<p class=\"jarvics:base-text-neutral-high-400 base-text-[calc(theme(fontSize.xs)_*_var(--font-size,_1))] base-font-normal base-font-primary base-text-neutral-low-500 base-text-left\">Nos stories, Ray apareceu mostrando o CD para Belo, e perguntou se o namorado curtiu. Ele disse: \u201cL\u00f3gico que amei. Yon\u00e1, que presente maravilhoso que voc\u00ea deu para ela! Agora ela vai saber minhas m\u00fasicas\u201d, brincou.<\/p>\n<p class=\"jarvics:base-text-neutral-high-400 base-text-[calc(theme(fontSize.xs)_*_var(--font-size,_1))] base-font-normal base-font-primary base-text-neutral-low-500 base-text-left\">O presente de Yon\u00e1 tem a ver com as cr\u00edticas que as rivais da influenciadora soltavam, alegando que Ray s\u00f3 sabia cantar o \u201cder\u00ea\u201d das m\u00fasicas do artista.<\/p>\n<p class=\"jarvics:base-text-neutral-high-400 base-text-[calc(theme(fontSize.xs)_*_var(--font-size,_1))] base-font-normal base-font-primary base-text-neutral-low-500 base-text-left\">Ray chamou a advogada de \u201ccara de pau\u201d em meio \u00e0s gargalhadas. No fim das contas, elas viraram grandes amigas!<\/p>\n<p class=\"jarvics:base-text-neutral-high-400 base-text-[calc(theme(fontSize.xs)_*_var(--font-size,_1))] base-font-normal base-font-primary base-text-neutral-low-500 base-text-left\">N\u00e3o perca a grande final de <a href=\"https:\/\/record.r7.com\/a-fazenda\/a-fazenda-17\/\" rel=\"nofollow noopener\" title=\"https:\/\/record.r7.com\/a-fazenda\/a-fazenda-17\/\" target=\"_blank\"><b>A Fazenda 17<\/b><\/a> nesta quinta (18), a partir das 22h30, na tela da <a href=\"https:\/\/record.r7.com\/\" rel=\"nofollow noopener\" target=\"_blank\"><b>RECORD<\/b><\/a>. Assine o <a href=\"https:\/\/www.recordplus.com\/home\" rel=\"nofollow noopener\" title=\"https:\/\/www.recordplus.com\/home\" target=\"_blank\"><b>RecordPlus<\/b><\/a> e tenha acesso \u00e0s c\u00e2meras 24 horas. Acesse o <b>site oficial<\/b> e fique por dentro das novidades da reta final da temporada.<\/p>\n<p><b>Imperd\u00edvel! Saiba o que esperar da grande final<\/b><\/p>\n<p class=\"jarvics:base-text-neutral-high-400 base-text-[calc(theme(fontSize.xxs)_*_var(--font-size,_1))] base-font-semibold base-font-primary base-text-neutral-low-500 base-text-left\">A final\u00edssima de A Fazenda 17 est\u00e1 chegando com tudo para coroar uma das temporadas mais memor\u00e1veis do reality rural. Al\u00e9m de descobrir quem vence a edi\u00e7\u00e3o, muitas emo\u00e7\u00f5es est\u00e3o programadas para a noite de comemora\u00e7\u00f5es. Se liga!<\/p>\n","protected":false},"excerpt":{"rendered":"Belo amou o presente que Rayane recebeu Reprodu\u00e7\u00e3o\/Instagram Por isso o Belo n\u00e3o esperava! No Inimigo Secreto do&hellip;\n","protected":false},"author":2,"featured_media":194302,"comment_status":"","ping_status":"","sticky":false,"template":"","format":"standard","meta":{"footnotes":""},"categories":[145],"tags":[657,4385,211,210,114,115,32,33,15359,21864],"class_list":{"0":"post-194301","1":"post","2":"type-post","3":"status-publish","4":"format-standard","5":"has-post-thumbnail","7":"category-celebridades","8":"tag-a-fazenda","9":"tag-belo","10":"tag-celebridades","11":"tag-celebrities","12":"tag-entertainment","13":"tag-entretenimento","14":"tag-portugal","15":"tag-pt","16":"tag-rayane-figliuzzi","17":"tag-yona-sousa"},"share_on_mastodon":{"url":"https:\/\/pubeurope.com\/@pt\/115744415916396641","error":""},"_links":{"self":[{"href":"https:\/\/www.europesays.com\/pt\/wp-json\/wp\/v2\/posts\/194301","targetHints":{"allow":["GET"]}}],"collection":[{"href":"https:\/\/www.europesays.com\/pt\/wp-json\/wp\/v2\/posts"}],"about":[{"href":"https:\/\/www.europesays.com\/pt\/wp-json\/wp\/v2\/types\/post"}],"author":[{"embeddable":true,"href":"https:\/\/www.europesays.com\/pt\/wp-json\/wp\/v2\/users\/2"}],"replies":[{"embeddable":true,"href":"https:\/\/www.europesays.com\/pt\/wp-json\/wp\/v2\/comments?post=194301"}],"version-history":[{"count":0,"href":"https:\/\/www.europesays.com\/pt\/wp-json\/wp\/v2\/posts\/194301\/revisions"}],"wp:featuredmedia":[{"embeddable":true,"href":"https:\/\/www.europesays.com\/pt\/wp-json\/wp\/v2\/media\/194302"}],"wp:attachment":[{"href":"https:\/\/www.europesays.com\/pt\/wp-json\/wp\/v2\/media?parent=194301"}],"wp:term":[{"taxonomy":"category","embeddable":true,"href":"https:\/\/www.europesays.com\/pt\/wp-json\/wp\/v2\/categories?post=194301"},{"taxonomy":"post_tag","embeddable":true,"href":"https:\/\/www.europesays.com\/pt\/wp-json\/wp\/v2\/tags?post=194301"}],"curies":[{"name":"wp","href":"https:\/\/api.w.org\/{rel}","templated":true}]}}