{"id":194303,"date":"2025-12-19T04:51:08","date_gmt":"2025-12-19T04:51:08","guid":{"rendered":"https:\/\/www.europesays.com\/pt\/194303\/"},"modified":"2025-12-19T04:51:08","modified_gmt":"2025-12-19T04:51:08","slug":"fc-porto-goleia-famalicao-e-defronta-benfica-nos-quartos-de-final","status":"publish","type":"post","link":"https:\/\/www.europesays.com\/pt\/194303\/","title":{"rendered":"FC Porto goleia Famalic\u00e3o e defronta Benfica nos quartos de final"},"content":{"rendered":"<p>                William Gomes, aos seis minutos, Victor Froholdt, aos 38, Samu, aos 79, e Pep\u00ea, aos 89, marcaram os golos dos l\u00edderes da I Liga, enquanto Justin De Haas faturou, aos 13, para os forasteiros, restabelecendo, ent\u00e3o, a igualdade.<\/p>\n<p>Nos quartos de final, marcados para janeiro, o FC Porto junta-se a AVS, Benfica e Sporting, tamb\u00e9m da I Liga, e Uni\u00e3o de Leiria e Torreense, ambos da II Liga.&#13;\n            <\/p>\n","protected":false},"excerpt":{"rendered":"William Gomes, aos seis minutos, Victor Froholdt, aos 38, Samu, aos 79, e Pep\u00ea, aos 89, marcaram os&hellip;\n","protected":false},"author":2,"featured_media":194304,"comment_status":"","ping_status":"","sticky":false,"template":"","format":"standard","meta":{"footnotes":""},"categories":[87],"tags":[135,13,32,33,420,421,134],"class_list":{"0":"post-194303","1":"post","2":"type-post","3":"status-publish","4":"format-standard","5":"has-post-thumbnail","7":"category-desporto","8":"tag-desporto","9":"tag-noticias","10":"tag-portugal","11":"tag-pt","12":"tag-rtp","13":"tag-rtp-noticias","14":"tag-sports"},"share_on_mastodon":{"url":"https:\/\/pubeurope.com\/@pt\/115744439338076049","error":""},"_links":{"self":[{"href":"https:\/\/www.europesays.com\/pt\/wp-json\/wp\/v2\/posts\/194303","targetHints":{"allow":["GET"]}}],"collection":[{"href":"https:\/\/www.europesays.com\/pt\/wp-json\/wp\/v2\/posts"}],"about":[{"href":"https:\/\/www.europesays.com\/pt\/wp-json\/wp\/v2\/types\/post"}],"author":[{"embeddable":true,"href":"https:\/\/www.europesays.com\/pt\/wp-json\/wp\/v2\/users\/2"}],"replies":[{"embeddable":true,"href":"https:\/\/www.europesays.com\/pt\/wp-json\/wp\/v2\/comments?post=194303"}],"version-history":[{"count":0,"href":"https:\/\/www.europesays.com\/pt\/wp-json\/wp\/v2\/posts\/194303\/revisions"}],"wp:featuredmedia":[{"embeddable":true,"href":"https:\/\/www.europesays.com\/pt\/wp-json\/wp\/v2\/media\/194304"}],"wp:attachment":[{"href":"https:\/\/www.europesays.com\/pt\/wp-json\/wp\/v2\/media?parent=194303"}],"wp:term":[{"taxonomy":"category","embeddable":true,"href":"https:\/\/www.europesays.com\/pt\/wp-json\/wp\/v2\/categories?post=194303"},{"taxonomy":"post_tag","embeddable":true,"href":"https:\/\/www.europesays.com\/pt\/wp-json\/wp\/v2\/tags?post=194303"}],"curies":[{"name":"wp","href":"https:\/\/api.w.org\/{rel}","templated":true}]}}