{"id":194309,"date":"2025-12-19T04:59:14","date_gmt":"2025-12-19T04:59:14","guid":{"rendered":"https:\/\/www.europesays.com\/pt\/194309\/"},"modified":"2025-12-19T04:59:14","modified_gmt":"2025-12-19T04:59:14","slug":"morre-antony-price-estilista-de-david-bowie-aos-80-anos-18-12-2025-ilustrada","status":"publish","type":"post","link":"https:\/\/www.europesays.com\/pt\/194309\/","title":{"rendered":"Morre Antony Price, estilista de David Bowie, aos 80 anos &#8211; 18\/12\/2025 &#8211; Ilustrada"},"content":{"rendered":"<p>O estilista brit\u00e2nico Antony Price, c\u00e9lebre por vestir astros da m\u00fasica como <a href=\"https:\/\/www1.folha.uol.com.br\/folha-topicos\/mick-jagger\/\" rel=\"nofollow noopener\" target=\"_blank\">Mick Jagger <\/a>e <a href=\"https:\/\/www1.folha.uol.com.br\/folha-topicos\/david-bowie\/\" rel=\"nofollow noopener\" target=\"_blank\">David Bowie<\/a> e desenhar as roupas de bandas como a Duran Duran e <a href=\"https:\/\/www1.folha.uol.com.br\/fsp\/1994\/4\/21\/ilustrada\/7.html\" rel=\"nofollow noopener\" target=\"\">Roxy Music<\/a>, morreu aos 80 anos, nesta ter\u00e7a-feira. A causa da morte n\u00e3o foi divulgada.<\/p>\n<p>Ele foi pioneiro ao combinar m\u00fasica, moda e teatralidade, ajudando a definir a est\u00e9tica do glam rock. Mais recentemente, atuava como estilista da <a href=\"https:\/\/f5.folha.uol.com.br\/celebridades\/2025\/09\/rainha-camilla-teria-dado-sapatada-para-se-defender-de-assedio-em-trem.shtml\" rel=\"nofollow noopener\" target=\"\">rainha Camilla<\/a>.<\/p>\n<p>H\u00e1 poucas semanas, ele havia voltado aos holofotes do mundo da moda ao exibir os looks de uma cole\u00e7\u00e3o da marca 16Arlington, marcando um retorno \u00e0s passarelas ap\u00f3s 30 anos. A grife lamentou a morte de Price e o classificou como um dos estilistas brit\u00e2nicos mais influentes de sua gera\u00e7\u00e3o.<\/p>\n<p>Ele nasceu em Keighley, no Reino Unido, em 1945. Ficou por quatro anos na Escola de Arte de Bradford e, depois, foi estudar no Royal College of Art, institui\u00e7\u00e3o renomada de moda e design, onde se formou, em 1968. Onze anos depois, o estilista criou sua marca hom\u00f4nima e realizou seu primeiro desfile em 1980.<\/p>\n<p>Ganhou proje\u00e7\u00e3o ao assinar os figurinos extravagantes para as capas de \u00e1lbuns da banda Roxy Music, e ao vestir os integrantes do <a href=\"https:\/\/www1.folha.uol.com.br\/ilustrada\/2024\/11\/como-duran-duran-a-partir-do-halloween-explora-o-lado-mais-sombrio-de-sua-musica.shtml\" rel=\"nofollow noopener\" target=\"\">Duran Duran<\/a> com ternos em tons suaves no clipe da m\u00fasica &#8220;Rio&#8221;, em 1982. A banda o homenageou nas redes sociais, chamando o estilista de vision\u00e1rio.<\/p>\n<p>Ele tamb\u00e9m \u00e9 lembrado por ter concebido a camiseta masculina de mangas curtas vista na contracapa de &#8220;Transformer&#8221;, de Lou Reed, lan\u00e7ado em 1972.<\/p>\n<p>Nos anos 1990, Price foi lembrado pelo uso de barbatanas e espartilhos para criar vestidos justos ao corpo, partindo de t\u00e9cnicas tradicionais para criar roupas inovadoras. Foi nessa \u00e9poca que come\u00e7ou a vestir Camilla Parker Bowles, \u00e0 \u00e9poca com o t\u00edtulo de duquesa da Cornualha.<\/p>\n","protected":false},"excerpt":{"rendered":"O estilista brit\u00e2nico Antony Price, c\u00e9lebre por vestir astros da m\u00fasica como Mick Jagger e David Bowie e&hellip;\n","protected":false},"author":2,"featured_media":194310,"comment_status":"","ping_status":"","sticky":false,"template":"","format":"standard","meta":{"footnotes":""},"categories":[145],"tags":[207,211,210,19665,114,115,17046,236,38918,1852,1854,1853,1079,150,32,33,1645,8665],"class_list":{"0":"post-194309","1":"post","2":"type-post","3":"status-publish","4":"format-standard","5":"has-post-thumbnail","7":"category-celebridades","8":"tag-arte","9":"tag-celebridades","10":"tag-celebrities","11":"tag-david-bowie","12":"tag-entertainment","13":"tag-entretenimento","14":"tag-estilista","15":"tag-folha","16":"tag-lou-reed","17":"tag-lucas-jagger","18":"tag-luciana-gimenez","19":"tag-mick-jagger","20":"tag-moda","21":"tag-musica","22":"tag-portugal","23":"tag-pt","24":"tag-rock","25":"tag-rolling-stones"},"share_on_mastodon":{"url":"https:\/\/pubeurope.com\/@pt\/115744470649824488","error":""},"_links":{"self":[{"href":"https:\/\/www.europesays.com\/pt\/wp-json\/wp\/v2\/posts\/194309","targetHints":{"allow":["GET"]}}],"collection":[{"href":"https:\/\/www.europesays.com\/pt\/wp-json\/wp\/v2\/posts"}],"about":[{"href":"https:\/\/www.europesays.com\/pt\/wp-json\/wp\/v2\/types\/post"}],"author":[{"embeddable":true,"href":"https:\/\/www.europesays.com\/pt\/wp-json\/wp\/v2\/users\/2"}],"replies":[{"embeddable":true,"href":"https:\/\/www.europesays.com\/pt\/wp-json\/wp\/v2\/comments?post=194309"}],"version-history":[{"count":0,"href":"https:\/\/www.europesays.com\/pt\/wp-json\/wp\/v2\/posts\/194309\/revisions"}],"wp:featuredmedia":[{"embeddable":true,"href":"https:\/\/www.europesays.com\/pt\/wp-json\/wp\/v2\/media\/194310"}],"wp:attachment":[{"href":"https:\/\/www.europesays.com\/pt\/wp-json\/wp\/v2\/media?parent=194309"}],"wp:term":[{"taxonomy":"category","embeddable":true,"href":"https:\/\/www.europesays.com\/pt\/wp-json\/wp\/v2\/categories?post=194309"},{"taxonomy":"post_tag","embeddable":true,"href":"https:\/\/www.europesays.com\/pt\/wp-json\/wp\/v2\/tags?post=194309"}],"curies":[{"name":"wp","href":"https:\/\/api.w.org\/{rel}","templated":true}]}}