{"id":194311,"date":"2025-12-19T05:02:31","date_gmt":"2025-12-19T05:02:31","guid":{"rendered":"https:\/\/www.europesays.com\/pt\/194311\/"},"modified":"2025-12-19T05:02:31","modified_gmt":"2025-12-19T05:02:31","slug":"inedito-a-vida-voltou-a-juntar-estes-dois-ex-concorrentes-do-secret-story-secret-story","status":"publish","type":"post","link":"https:\/\/www.europesays.com\/pt\/194311\/","title":{"rendered":"In\u00e9dito: A vida voltou a juntar estes dois ex-concorrentes do Secret Story &#8211; Secret Story"},"content":{"rendered":"<p data-end=\"481\" data-start=\"83\"><a href=\"https:\/\/tvi.iol.pt\/secretstory\/search?pagina=1&amp;pesquisa=patr%C3%ADcia+carvalho\" rel=\"nofollow noopener\" target=\"_blank\">Patr\u00edcia Carvalho<\/a> e <a href=\"https:\/\/tvi.iol.pt\/secretstory\/search?pagina=1&amp;pesquisa=heitor+nunes\" rel=\"nofollow noopener\" target=\"_blank\">Heitor Nunes<\/a>, que participaram no<strong data-end=\"180\" data-start=\"137\">\u00a0<a href=\"https:\/\/tvi.iol.pt\/secretstory\/\" rel=\"nofollow noopener\" target=\"_blank\">\u201cSecret Story 8\u201d<\/a><\/strong>, em 2024, viveram de perto a fama repentina que acompanha os reality shows, mas tamb\u00e9m o sil\u00eancio que muitas vezes se segue ao fim do programa. Sem grandes oportunidades no entretenimento ou no digital ap\u00f3s a sa\u00edda da casa mais vigiada do pa\u00eds, os dois jovens viram-se obrigados a repensar o futuro.<\/p>\n<p data-end=\"922\" data-start=\"483\">No decorrer de um dos epis\u00f3dios do podcast <a href=\"https:\/\/www.instagram.com\/quemdiriapodcast\/\" rel=\"nofollow noopener\" target=\"_blank\"><strong data-end=\"525\" data-start=\"508\">\u201cQuem Diria?\u201d<\/strong><\/a>, Heitor Nunes foi direto ao explicar porque decidiu n\u00e3o seguir o caminho mais comum de muitos ex-concorrentes. \u201cAquela fama moment\u00e2nea estava a acalmar. Eu n\u00e3o fazia casinos, n\u00e3o queria ganhar dinheiro dessa forma\u201d, afirmou, deixando claras as suas reservas em rela\u00e7\u00e3o a esse tipo de conte\u00fados.<\/p>\n<p data-end=\"1307\" data-start=\"924\">Foi ent\u00e3o que a vida de Heitor e da amiga deu uma verdadeira volta de 180 graus. Patr\u00edcia Carvalho contou que tudo come\u00e7ou com um an\u00fancio inesperado nas redes sociais. <strong>\u201cVi uma proposta: \u2018Procuramos educadoras de inf\u00e2ncia em Paris\u2019. Tinha o sal\u00e1rio, coisa que em Portugal nunca colocam. Enviei o curr\u00edculo, fiz a entrevista via Zoom e a diretora disse \u2018Quando queres come\u00e7ar?\u2019 na hora\u201d<\/strong>, recordou.<\/p>\n<p data-end=\"1307\" data-start=\"924\">\u00a0<\/p>\n<blockquote class=\"instagram-media\" data-instgrm-captioned=\"\" data-instgrm-permalink=\"https:\/\/www.instagram.com\/reel\/DSX9MYwiDSs\/?utm_source=ig_embed&amp;utm_campaign=loading\" data-instgrm-version=\"14\" style=\" background:#FFF; border:0; border-radius:3px; box-shadow:0 0 1px 0 rgba(0,0,0,0.5),0 1px 10px 0 rgba(0,0,0,0.15); margin: 1px; max-width:540px; min-width:326px; padding:0; width:99.375%; width:-webkit-calc(100% - 2px); width:calc(100% - 2px);\">\n<\/blockquote>\n<p data-end=\"1307\" data-start=\"924\">\u00a0<\/p>\n<p data-end=\"1307\" data-start=\"924\">Heitor acabou por se deixar contagiar pela oportunidade e, atualmente, <strong data-end=\"1413\" data-start=\"1380\">os dois vivem juntos em Paris<\/strong>, no mesmo apartamento, e <strong data-end=\"1468\" data-start=\"1439\">trabalham na mesma escola<\/strong>. Segundo Patr\u00edcia, a adapta\u00e7\u00e3o tem sido facilitada pela forte presen\u00e7a da comunidade portuguesa. \u201c[A creche] tem muita gente portuguesa, \u00e9 o melhor s\u00edtio para aprenderes franc\u00eas\u201d, destacou.<\/p>\n<p data-end=\"2038\" data-start=\"1660\">Apesar da felicidade pela nova etapa, nem tudo correu como sonhado. Pouco antes da mudan\u00e7a definitiva, Patr\u00edcia recebeu uma proposta que quase mudou novamente o rumo da sua vida. \u201cNo dia 5 de setembro, perguntaram-me se queria come\u00e7ar em Nova Iorque. Acabaram com o meu dia\u2026 eu j\u00e1 tinha o voo para Paris e as malas feitas. O meu sonho sempre foi morar em Nova Iorque\u201d, lamentou.<\/p>\n<p data-end=\"2255\" data-start=\"2040\">Entre sonhos adiados e novos come\u00e7os, Patr\u00edcia Carvalho e Heitor Nunes mostram que h\u00e1 vida para l\u00e1 dos reality shows, e que, longe dos holofotes, tamb\u00e9m se podem construir hist\u00f3rias de coragem, reinven\u00e7\u00e3o e futuro.<\/p>\n<p data-end=\"2255\" data-start=\"2040\"><strong>Em cima, veja a galeria de imagens dos ex-concorrentes que prepar\u00e1mos para si.<\/strong><\/p>\n<p>                        <script async src=\"\/\/www.instagram.com\/embed.js\"><\/script><\/p>\n","protected":false},"excerpt":{"rendered":"Patr\u00edcia Carvalho e Heitor Nunes, que participaram no\u00a0\u201cSecret Story 8\u201d, em 2024, viveram de perto a fama repentina&hellip;\n","protected":false},"author":2,"featured_media":194312,"comment_status":"","ping_status":"","sticky":false,"template":"","format":"standard","meta":{"footnotes":""},"categories":[142],"tags":[18706,114,115,18705,13789,8189,32,33,1315,151,18704],"class_list":{"0":"post-194311","1":"post","2":"type-post","3":"status-publish","4":"format-standard","5":"has-post-thumbnail","7":"category-tv","8":"tag-bastidores-secret-story","9":"tag-entertainment","10":"tag-entretenimento","11":"tag-entrevistas-concorrentes-tvi","12":"tag-heitor-nunes","13":"tag-patricia-carvalho","14":"tag-portugal","15":"tag-pt","16":"tag-secret-story","17":"tag-tv","18":"tag-vida-fora-da-casa"},"share_on_mastodon":{"url":"https:\/\/pubeurope.com\/@pt\/115744482442336146","error":""},"_links":{"self":[{"href":"https:\/\/www.europesays.com\/pt\/wp-json\/wp\/v2\/posts\/194311","targetHints":{"allow":["GET"]}}],"collection":[{"href":"https:\/\/www.europesays.com\/pt\/wp-json\/wp\/v2\/posts"}],"about":[{"href":"https:\/\/www.europesays.com\/pt\/wp-json\/wp\/v2\/types\/post"}],"author":[{"embeddable":true,"href":"https:\/\/www.europesays.com\/pt\/wp-json\/wp\/v2\/users\/2"}],"replies":[{"embeddable":true,"href":"https:\/\/www.europesays.com\/pt\/wp-json\/wp\/v2\/comments?post=194311"}],"version-history":[{"count":0,"href":"https:\/\/www.europesays.com\/pt\/wp-json\/wp\/v2\/posts\/194311\/revisions"}],"wp:featuredmedia":[{"embeddable":true,"href":"https:\/\/www.europesays.com\/pt\/wp-json\/wp\/v2\/media\/194312"}],"wp:attachment":[{"href":"https:\/\/www.europesays.com\/pt\/wp-json\/wp\/v2\/media?parent=194311"}],"wp:term":[{"taxonomy":"category","embeddable":true,"href":"https:\/\/www.europesays.com\/pt\/wp-json\/wp\/v2\/categories?post=194311"},{"taxonomy":"post_tag","embeddable":true,"href":"https:\/\/www.europesays.com\/pt\/wp-json\/wp\/v2\/tags?post=194311"}],"curies":[{"name":"wp","href":"https:\/\/api.w.org\/{rel}","templated":true}]}}