{"id":194320,"date":"2025-12-19T05:14:11","date_gmt":"2025-12-19T05:14:11","guid":{"rendered":"https:\/\/www.europesays.com\/pt\/194320\/"},"modified":"2025-12-19T05:14:11","modified_gmt":"2025-12-19T05:14:11","slug":"justica-da-medida-protetiva-contra-ex-titas-paulo-miklos-apos-pedido-de-esposa","status":"publish","type":"post","link":"https:\/\/www.europesays.com\/pt\/194320\/","title":{"rendered":"Justi\u00e7a d\u00e1 medida protetiva contra ex-Tit\u00e3s Paulo Miklos ap\u00f3s pedido de esposa"},"content":{"rendered":"<p>            <img width=\"950\" height=\"713\" src=\"https:\/\/www.europesays.com\/pt\/wp-content\/uploads\/2025\/12\/paulo-miklos-ebc-scaled.jpg\" class=\"attachment-bouplay-wp-thumbnail-single-image size-bouplay-wp-thumbnail-single-image wp-post-image\" alt=\"\" decoding=\"async\" fetchpriority=\"high\"  \/> <\/p>\n<p>Justi\u00e7a de S\u00e3o Paulo concedeu medida protetiva \u00e0 diretora de audiovisual Renata Galv\u00e3o, de 46 anos, contra o ator e m\u00fasico Paulo Miklos, de 66, seu ex-marido. A decis\u00e3o pro\u00edbe que ele se aproxime a menos de 300 metros, mantenha qualquer tipo de contato com ela ou com seus familiares e frequente os mesmos locais.<\/p>\n<p>Na not\u00edcia de crime apresentada ao Judici\u00e1rio, Renata relata que o relacionamento foi marcado por conflitos e que o temor por sua seguran\u00e7a aumentou ap\u00f3s surgirem, no processo de div\u00f3rcio, fotos recentes de sua casa. Segundo a den\u00fancia, as imagens teriam sido feitas por um funcion\u00e1rio do ex-membro dos Tit\u00e3s, que teria entrado na resid\u00eancia sem autoriza\u00e7\u00e3o.<\/p>\n<p>Ela tamb\u00e9m afirma que sofreu amea\u00e7as e ofensas verbais ao longo da rela\u00e7\u00e3o. O pedido menciona ainda acusa\u00e7\u00f5es mais graves, como a de que Renata teria sido submetida a um aborto em 2015 sem consentimento.<\/p>\n<p>De acordo com o relato, Miklos teria dito que n\u00e3o queria a crian\u00e7a e que seria uma crueldade ela levar a gesta\u00e7\u00e3o adiante.<\/p>\n<p>O casal se separou em setembro de 2024 e responde a um div\u00f3rcio litigioso; Renata tamb\u00e9m atuava como empres\u00e1ria do m\u00fasico.<\/p>\n<p><img loading=\"lazy\" decoding=\"async\" class=\"alignnone size-full wp-image-88872\" src=\"https:\/\/www.europesays.com\/pt\/wp-content\/uploads\/2025\/12\/paulo-miklos-ebc-scaled.jpg\" alt=\"\" width=\"950\" height=\"713\"   data-recalc-dims=\"1\"\/><\/p>\n<p>Com informa\u00e7\u00f5es do DCM e da coluna de M\u00f4nica Bergamo na Folha de S.Paulo.<\/p>\n<p>\n\tRelacionado\n<\/p>\n<p>** Este texto n\u00e3o reflete, necessariamente, a opini\u00e3o do Portal UAI.<\/p>\n","protected":false},"excerpt":{"rendered":"Justi\u00e7a de S\u00e3o Paulo concedeu medida protetiva \u00e0 diretora de audiovisual Renata Galv\u00e3o, de 46 anos, contra o&hellip;\n","protected":false},"author":2,"featured_media":194321,"comment_status":"","ping_status":"","sticky":false,"template":"","format":"standard","meta":{"footnotes":""},"categories":[145],"tags":[211,210,114,115,7405,603,7785,6486,38920,32,33,35798],"class_list":{"0":"post-194320","1":"post","2":"type-post","3":"status-publish","4":"format-standard","5":"has-post-thumbnail","7":"category-celebridades","8":"tag-celebridades","9":"tag-celebrities","10":"tag-entertainment","11":"tag-entretenimento","12":"tag-judiciario","13":"tag-justica","14":"tag-musica-brasileira","15":"tag-musico","16":"tag-paulo-miklos","17":"tag-portugal","18":"tag-pt","19":"tag-titas"},"share_on_mastodon":{"url":"https:\/\/pubeurope.com\/@pt\/115744530412938598","error":""},"_links":{"self":[{"href":"https:\/\/www.europesays.com\/pt\/wp-json\/wp\/v2\/posts\/194320","targetHints":{"allow":["GET"]}}],"collection":[{"href":"https:\/\/www.europesays.com\/pt\/wp-json\/wp\/v2\/posts"}],"about":[{"href":"https:\/\/www.europesays.com\/pt\/wp-json\/wp\/v2\/types\/post"}],"author":[{"embeddable":true,"href":"https:\/\/www.europesays.com\/pt\/wp-json\/wp\/v2\/users\/2"}],"replies":[{"embeddable":true,"href":"https:\/\/www.europesays.com\/pt\/wp-json\/wp\/v2\/comments?post=194320"}],"version-history":[{"count":0,"href":"https:\/\/www.europesays.com\/pt\/wp-json\/wp\/v2\/posts\/194320\/revisions"}],"wp:featuredmedia":[{"embeddable":true,"href":"https:\/\/www.europesays.com\/pt\/wp-json\/wp\/v2\/media\/194321"}],"wp:attachment":[{"href":"https:\/\/www.europesays.com\/pt\/wp-json\/wp\/v2\/media?parent=194320"}],"wp:term":[{"taxonomy":"category","embeddable":true,"href":"https:\/\/www.europesays.com\/pt\/wp-json\/wp\/v2\/categories?post=194320"},{"taxonomy":"post_tag","embeddable":true,"href":"https:\/\/www.europesays.com\/pt\/wp-json\/wp\/v2\/tags?post=194320"}],"curies":[{"name":"wp","href":"https:\/\/api.w.org\/{rel}","templated":true}]}}