{"id":194327,"date":"2025-12-19T05:30:22","date_gmt":"2025-12-19T05:30:22","guid":{"rendered":"https:\/\/www.europesays.com\/pt\/194327\/"},"modified":"2025-12-19T05:30:22","modified_gmt":"2025-12-19T05:30:22","slug":"prendas-tech-ate-100-e-ideias-uteis-e-originais-para-acertar-no-natal-em-2025","status":"publish","type":"post","link":"https:\/\/www.europesays.com\/pt\/194327\/","title":{"rendered":"Prendas tech at\u00e9 100 \u20ac: ideias \u00fateis e originais para acertar no Natal em 2025"},"content":{"rendered":"<p class=\"article-image \"><img decoding=\"async\" alt=\"prendas tech menos de 100\u20ac\" height=\"900\" src=\"https:\/\/www.europesays.com\/pt\/wp-content\/uploads\/2025\/12\/prendas-tech-menos-de-100-2.jpg\" width=\"1600\" fetchpriority=\"high\"\/><\/p>\n<p><a href=\"https:\/\/whatsapp.com\/channel\/0029Va54F7B7j6gBNXobAM16\" rel=\"nofollow noopener\" class=\"banner-deals mb20 banner-deals-rotation banner-deals-rotation--whatsapp\" target=\"_blank\"><\/p>\n<p>        Entra no nosso canal Whatsapp<br \/>e recebe as melhores ofertas<\/p>\n<p>        ENTRAR\n    <\/p>\n<p><\/a><\/p>\n<p>A poucos dias do Natal, ainda \u00e9 poss\u00edvel fazer aquelas compras de \u00faltima hora sem stress. Se queres ideias de prendas tech por menos de 100 \u20ac, prepar\u00e1mos uma sele\u00e7\u00e3o de op\u00e7\u00f5es interessantes e com boa rela\u00e7\u00e3o qualidade-pre\u00e7o para te ajudar a escolher o presente ideal sem ultrapassares o or\u00e7amento.<\/p>\n<p>1. Amazfit Active 2<br \/>\n<a href=\"https:\/\/amzn.to\/4anVjLo\" target=\"_blank\" rel=\"nofollow noreferrer noopener\"><img decoding=\"async\" alt=\"Amazfit Active 2\" height=\"488\" width=\"650\" class=\"lazyload\" src=\"https:\/\/www.europesays.com\/pt\/wp-content\/uploads\/2025\/12\/amazfit-active-2-credito-amazon.jpg\" loading=\"lazy\"\/><\/a><\/p>\n<p><a class=\"affiliate-title\" href=\"https:\/\/amzn.to\/4anVjLo\" target=\"_blank\" rel=\"nofollow noreferrer noopener\">Amazfit Active 2<\/a>Com GPS, controlo por voz, mais de 160 modos desportivos, resist\u00eancia 5 ATM<\/p>\n<p>Oferta por tempo limitado<\/p>\n<p>68,60 \u20acAmazon<\/p>\n<p>99,90 \u20ac-31%<\/p>\n<p>Excelente presente para os apaixonados por desporto. O Amazfit Active 2 conta com GPS r\u00e1pido, suportado por cinco sistemas de sat\u00e9lite, mapas offline com navega\u00e7\u00e3o passo a passo e mais de 160 modos de desporto.<\/p>\n<p>No campo da monitoriza\u00e7\u00e3o, o sensor BioTracker assegura um acompanhamento preciso da frequ\u00eancia card\u00edaca e do sono, complementado por uma autonomia que pode chegar aos 10 dias, reduzindo a necessidade de carregamentos frequentes. \u00c9 um smartwatch preparado tanto para atividades ao ar livre como para treinos em interior, incluindo nata\u00e7\u00e3o e desportos de inverno.<\/p>\n<p>2. JBL Tune Flex TWS<br \/>\n<a href=\"https:\/\/amzn.to\/4pcENle\" target=\"_blank\" rel=\"nofollow noreferrer noopener\"><img decoding=\"async\" alt=\"JBL Tune Flex TWS\" height=\"488\" width=\"650\" class=\"lazyload\" src=\"https:\/\/www.europesays.com\/pt\/wp-content\/uploads\/2025\/12\/jbl-tune-flex-tws-21lbzcr-u3l-sl500.jpg\" loading=\"lazy\"\/><\/a><\/p>\n<p><a class=\"affiliate-title\" href=\"https:\/\/amzn.to\/4pcENle\" target=\"_blank\" rel=\"nofollow noreferrer noopener\">JBL Tune Flex TWS<\/a>auriculares in ear, cancelamento de ru\u00eddo, resist\u00eancia IPX4, at\u00e9 32h de autonomia<\/p>\n<p>59,99 \u20acAmazon<\/p>\n<p>99,99 \u20ac-40%<\/p>\n<p>Os JBL Tune Flex TWS foram concebidos para quem procura som envolvente num formato compacto e vers\u00e1til. O \u00e1udio JBL Pure Bass garante graves intensos e bem definidos, enquanto o design in-ear promove uma experi\u00eancia imersiva, ideal para m\u00fasica, podcasts ou chamadas no dia a dia.<\/p>\n<p>O cancelamento ativo de ru\u00eddo adaptativo ajuda a isolar distra\u00e7\u00f5es, mas o modo Ambient Aware permite manter a perce\u00e7\u00e3o do ambiente, algo essencial durante treinos ao ar livre. Com resist\u00eancia IPX4, acompanham sem problemas sess\u00f5es de treino ou dias de chuva. A autonomia pode chegar \u00e0s 32 horas com o estojo de carregamento e conta com carregamento r\u00e1pido.<\/p>\n<p>3. Instax Mini 12<br \/>\n<a href=\"https:\/\/amzn.to\/4qa1Vl0\" target=\"_blank\" rel=\"nofollow noreferrer noopener\"><img decoding=\"async\" alt=\"Instax Mini 12 c\u00e2mara instant\u00e2nea, com auto-exposi\u00e7\u00e3o e lente selfi inclu\u00edda\" height=\"488\" width=\"650\" class=\"lazyload\" src=\"https:\/\/www.europesays.com\/pt\/wp-content\/uploads\/2025\/12\/instax-mini-12-camara-instantanea-com-auto-exposicao-e-lente-selfi-incluida-31puyxhm0ul-sl500.jpg\" loading=\"lazy\"\/><\/a><\/p>\n<p>79,90 \u20acAmazon<\/p>\n<p>89,99 \u20ac-11%<\/p>\n<p>A Instax Mini 12 \u00e9 perfeita para quem gosta de captar momentos e v\u00ea-los ganhar vida instantaneamente. Produz fotografias no cl\u00e1ssico formato Instax Mini, semelhante a um cart\u00e3o de cr\u00e9dito, tornando cada impress\u00e3o f\u00e1cil de guardar ou partilhar.<\/p>\n<p>O controlo autom\u00e1tico do flash ajusta-se \u00e0s condi\u00e7\u00f5es de luz, garantindo resultados equilibrados sem necessidade de configura\u00e7\u00f5es manuais. Pensada para ser simples e divertida, inclui lente e espelho para selfies, facilitando autorretratos e fotografias de grupo.<\/p>\n<p>4. Projetor port\u00e1til Full HD com suporte 4K<br \/>\n<a href=\"https:\/\/amzn.to\/44zKAtD\" target=\"_blank\" rel=\"nofollow noreferrer noopener\"><img decoding=\"async\" alt=\"Proyector port\u00e1til GM300 4K WiFi 6 BT5.2\" height=\"488\" width=\"650\" class=\"lazyload\" src=\"https:\/\/www.europesays.com\/pt\/wp-content\/uploads\/2025\/12\/proyector-portatil-gm300-4k-wifi-6-bt5-2-51kii3zhqul-sl500.jpg\" loading=\"lazy\"\/><\/a><\/p>\n<p>70,00 \u20acAmazon<\/p>\n<p>112,99 \u20ac-38%<\/p>\n<p>Este projetor port\u00e1til destaca-se pela versatilidade e facilidade de utiliza\u00e7\u00e3o, combinando resolu\u00e7\u00e3o Full HD com suporte para conte\u00fados 4K. Com Android TV integrado, d\u00e1 acesso direto a aplica\u00e7\u00f5es populares como Netflix, YouTube e Prime Video, eliminando a necessidade de dispositivos externos adicionais.<\/p>\n<p>A conectividade Wi-Fi 6 assegura transmiss\u00f5es mais r\u00e1pidas e est\u00e1veis, enquanto o Bluetooth 5.2 permite ligar colunas, auscultadores ou outros acess\u00f3rios. O suporte girat\u00f3rio de 180\u00b0 facilita o ajuste do \u00e2ngulo de proje\u00e7\u00e3o em qualquer posi\u00e7\u00e3o, tornando-o ideal para uso em casa ou no exterior. Al\u00e9m disso, a fun\u00e7\u00e3o de prote\u00e7\u00e3o ocular ajuda a reduzir a emiss\u00e3o de luz azul.<\/p>\n<p>5. Apple AirTag (pack de 4)<br \/>\n<a href=\"https:\/\/amzn.to\/4959UZS\" target=\"_blank\" rel=\"nofollow noreferrer noopener\"><img decoding=\"async\" alt=\"Apple AirTag 4 - integra\u00e7\u00e3o com app FindMy\" height=\"488\" width=\"650\" class=\"lazyload\" src=\"https:\/\/www.europesays.com\/pt\/wp-content\/uploads\/2025\/12\/apple-airtag-4-credito-amazon.jpg\" loading=\"lazy\"\/><\/a><\/p>\n<p>89,00 \u20acAmazon<\/p>\n<p>129,00 \u20ac-31%<\/p>\n<p>O Apple AirTag \u00e9 uma solu\u00e7\u00e3o simples e eficaz para localizar objetos do dia a dia, como chaves, mochilas ou malas. A configura\u00e7\u00e3o \u00e9 imediata: basta aproxim\u00e1-lo de um iPhone ou iPad para emparelhar. Atrav\u00e9s da app Pesquisar, \u00e9 poss\u00edvel ver a localiza\u00e7\u00e3o exata ou emitir um som para encontrar objetos pr\u00f3ximos.<\/p>\n<p>Quando est\u00e3o longe, os AirTag recorrem \u00e0 vasta rede de dispositivos Apple para ajudar na localiza\u00e7\u00e3o, mantendo sempre a privacidade do utilizador. Todas as comunica\u00e7\u00f5es s\u00e3o encriptadas e an\u00f3nimas, e n\u00e3o existe hist\u00f3rico de localiza\u00e7\u00e3o armazenado. Com a tecnologia de banda ultralarga, a Pesquisa de Precis\u00e3o guia-o com grande exatid\u00e3o at\u00e9 ao AirTag quando est\u00e1 nas proximidades.<\/p>\n<p>6. Ecr\u00e3 CarPlay e Android Auto sem fios<br \/>\n<a href=\"https:\/\/amzn.to\/4j1llWR\" target=\"_blank\" rel=\"nofollow noreferrer noopener\"><img decoding=\"async\" alt=\"7 Pulgadas Pantalla T\u00e1ctil para Coche\" height=\"488\" width=\"650\" class=\"lazyload\" src=\"https:\/\/www.europesays.com\/pt\/wp-content\/uploads\/2025\/12\/7-pulgadas-pantalla-tactil-para-coche-411-hl1f3ol-sl500.jpg\" loading=\"lazy\"\/><\/a><\/p>\n<p>62,99 \u20acAmazon<\/p>\n<p>69,99 \u20ac-10%<\/p>\n<p>Este sistema CarPlay e Android Auto transforma qualquer carro numa experi\u00eancia mais moderna e conectada. A liga\u00e7\u00e3o \u00e9 feita sem fios, via Bluetooth e Wi-Fi, e ap\u00f3s a primeira configura\u00e7\u00e3o, a conex\u00e3o acontece automaticamente sempre que o ve\u00edculo \u00e9 ligado. O controlo por voz com a Siri permite aceder a fun\u00e7\u00f5es essenciais sem tirar as m\u00e3os do volante.<\/p>\n<p>A navega\u00e7\u00e3o GPS em tempo real \u00e9 sempre atualizada atrav\u00e9s do smartphone, evitando preocupa\u00e7\u00f5es com mapas desatualizados. Al\u00e9m disso, o sistema suporta v\u00e1rias op\u00e7\u00f5es de sa\u00edda de \u00e1udio, como Bluetooth, AUX, FM ou altifalante integrado. Ideal para quem procura mais seguran\u00e7a, conforto e entretenimento durante a condu\u00e7\u00e3o.<\/p>\n<p><strong>V\u00ea tamb\u00e9m:<\/strong><\/p>\n","protected":false},"excerpt":{"rendered":"Entra no nosso canal Whatsappe recebe as melhores ofertas ENTRAR A poucos dias do Natal, ainda \u00e9 poss\u00edvel&hellip;\n","protected":false},"author":2,"featured_media":194328,"comment_status":"","ping_status":"","sticky":false,"template":"","format":"standard","meta":{"footnotes":""},"categories":[84],"tags":[109,107,108,32,33,105,103,104,106,110],"class_list":{"0":"post-194327","1":"post","2":"type-post","3":"status-publish","4":"format-standard","5":"has-post-thumbnail","7":"category-ciencia-e-tecnologia","8":"tag-ciencia","9":"tag-ciencia-e-tecnologia","10":"tag-cienciaetecnologia","11":"tag-portugal","12":"tag-pt","13":"tag-science","14":"tag-science-and-technology","15":"tag-scienceandtechnology","16":"tag-technology","17":"tag-tecnologia"},"share_on_mastodon":{"url":"https:\/\/pubeurope.com\/@pt\/115744595360608143","error":""},"_links":{"self":[{"href":"https:\/\/www.europesays.com\/pt\/wp-json\/wp\/v2\/posts\/194327","targetHints":{"allow":["GET"]}}],"collection":[{"href":"https:\/\/www.europesays.com\/pt\/wp-json\/wp\/v2\/posts"}],"about":[{"href":"https:\/\/www.europesays.com\/pt\/wp-json\/wp\/v2\/types\/post"}],"author":[{"embeddable":true,"href":"https:\/\/www.europesays.com\/pt\/wp-json\/wp\/v2\/users\/2"}],"replies":[{"embeddable":true,"href":"https:\/\/www.europesays.com\/pt\/wp-json\/wp\/v2\/comments?post=194327"}],"version-history":[{"count":0,"href":"https:\/\/www.europesays.com\/pt\/wp-json\/wp\/v2\/posts\/194327\/revisions"}],"wp:featuredmedia":[{"embeddable":true,"href":"https:\/\/www.europesays.com\/pt\/wp-json\/wp\/v2\/media\/194328"}],"wp:attachment":[{"href":"https:\/\/www.europesays.com\/pt\/wp-json\/wp\/v2\/media?parent=194327"}],"wp:term":[{"taxonomy":"category","embeddable":true,"href":"https:\/\/www.europesays.com\/pt\/wp-json\/wp\/v2\/categories?post=194327"},{"taxonomy":"post_tag","embeddable":true,"href":"https:\/\/www.europesays.com\/pt\/wp-json\/wp\/v2\/tags?post=194327"}],"curies":[{"name":"wp","href":"https:\/\/api.w.org\/{rel}","templated":true}]}}