{"id":194335,"date":"2025-12-19T05:39:11","date_gmt":"2025-12-19T05:39:11","guid":{"rendered":"https:\/\/www.europesays.com\/pt\/194335\/"},"modified":"2025-12-19T05:39:11","modified_gmt":"2025-12-19T05:39:11","slug":"gina-age-contra-a-vontade-de-nuno-e-quer-que-goncalo-assuma-a-paternidade-do-bebe-novelas","status":"publish","type":"post","link":"https:\/\/www.europesays.com\/pt\/194335\/","title":{"rendered":"Gina age contra a vontade de Nuno e quer que Gon\u00e7alo assuma a paternidade do beb\u00e9 &#8211; Novelas"},"content":{"rendered":"<p>Em \u00abA Protegida\u00bb, Nuno (Tiago Teot\u00f3nio Pereira) relembra Gon\u00e7alo (Jo\u00e3o Bettencourt) do que combinaram, mas ele est\u00e1 arrependido do que prometeu e quer fazer parte da vida do filho. Gina (Paula Neves) pensa no que Mariana (Matilde Reym\u00e3o) lhe disse e n\u00e3o acha bem mentir ao filho, nem \u00e9 justo impedir o pai e o filho de estarem juntos. Nuno fica magoado e vai embora. Gon\u00e7alo conforta Gina e agradece-lhe pelo bom senso.<\/p>\n","protected":false},"excerpt":{"rendered":"Em \u00abA Protegida\u00bb, Nuno (Tiago Teot\u00f3nio Pereira) relembra Gon\u00e7alo (Jo\u00e3o Bettencourt) do que combinaram, mas ele est\u00e1 arrependido&hellip;\n","protected":false},"author":2,"featured_media":194336,"comment_status":"","ping_status":"","sticky":false,"template":"","format":"standard","meta":{"footnotes":""},"categories":[142],"tags":[168,160,166,114,115,157,167,164,2931,161,158,165,159,32,33,156,163,151,162],"class_list":{"0":"post-194335","1":"post","2":"type-post","3":"status-publish","4":"format-standard","5":"has-post-thumbnail","7":"category-tv","8":"tag-a-protegida","9":"tag-ana-guiomar","10":"tag-cristina-ferreira","11":"tag-entertainment","12":"tag-entretenimento","13":"tag-festa-e-festa","14":"tag-ficcao","15":"tag-jose-fidalgo","16":"tag-novela","17":"tag-novelas","18":"tag-para-sempre","19":"tag-pedro-sousa","20":"tag-pedro-teixeira","21":"tag-portugal","22":"tag-pt","23":"tag-queridos-papas","24":"tag-tiago-teotonio-pereira","25":"tag-tv","26":"tag-tvi"},"share_on_mastodon":{"url":"https:\/\/pubeurope.com\/@pt\/115744627912769992","error":""},"_links":{"self":[{"href":"https:\/\/www.europesays.com\/pt\/wp-json\/wp\/v2\/posts\/194335","targetHints":{"allow":["GET"]}}],"collection":[{"href":"https:\/\/www.europesays.com\/pt\/wp-json\/wp\/v2\/posts"}],"about":[{"href":"https:\/\/www.europesays.com\/pt\/wp-json\/wp\/v2\/types\/post"}],"author":[{"embeddable":true,"href":"https:\/\/www.europesays.com\/pt\/wp-json\/wp\/v2\/users\/2"}],"replies":[{"embeddable":true,"href":"https:\/\/www.europesays.com\/pt\/wp-json\/wp\/v2\/comments?post=194335"}],"version-history":[{"count":0,"href":"https:\/\/www.europesays.com\/pt\/wp-json\/wp\/v2\/posts\/194335\/revisions"}],"wp:featuredmedia":[{"embeddable":true,"href":"https:\/\/www.europesays.com\/pt\/wp-json\/wp\/v2\/media\/194336"}],"wp:attachment":[{"href":"https:\/\/www.europesays.com\/pt\/wp-json\/wp\/v2\/media?parent=194335"}],"wp:term":[{"taxonomy":"category","embeddable":true,"href":"https:\/\/www.europesays.com\/pt\/wp-json\/wp\/v2\/categories?post=194335"},{"taxonomy":"post_tag","embeddable":true,"href":"https:\/\/www.europesays.com\/pt\/wp-json\/wp\/v2\/tags?post=194335"}],"curies":[{"name":"wp","href":"https:\/\/api.w.org\/{rel}","templated":true}]}}