{"id":194343,"date":"2025-12-19T05:57:10","date_gmt":"2025-12-19T05:57:10","guid":{"rendered":"https:\/\/www.europesays.com\/pt\/194343\/"},"modified":"2025-12-19T05:57:10","modified_gmt":"2025-12-19T05:57:10","slug":"gil-gerard-eterno-buck-rogers-morre-aos-82-anos","status":"publish","type":"post","link":"https:\/\/www.europesays.com\/pt\/194343\/","title":{"rendered":"Gil Gerard, eterno \u201cBuck Rogers\u201d, morre aos 82 anos"},"content":{"rendered":"<p>Gil Gerard, ator protagonista da cl\u00e1ssica s\u00e9rie \u201cBuck Rogers\u201d, morreu em sua casa na Georgia, Estados Unidos, aos 82 anos. O astro foi v\u00edtima de um c\u00e2ncer \u201craro e extremamente agressivo\u201d, conforme confirmou sua esposa, Janet, em seu perfil nas redes sociais. Ap\u00f3s per\u00edodo de cuidados paliativos, ele faleceu na manh\u00e3 da \u00faltima ter\u00e7a-feira,16.<\/p>\n<p>&#8220;Do momento em que soubemos que algo estava errado at\u00e9 sua morte nesta manh\u00e3, passaram-se apenas dias\u201d, afirmou Janet no Facebook. \u201cN\u00e3o importa quantos anos pude passar com ele, nunca teria sido o bastante. Abrace forte aqueles ao seu lado e ame-os sem medo.\u201d<\/p>\n<p>Gerard era um nome popular em Hollywood ao longo dos anos 1970 e 1980, estrelando produ\u00e7\u00f5es como &#8220;The Doctors\u201d, \u201cAeroporto 77\u201d, \u201cHooch\u201d e \u201cO Pequeno Mestre\u201d. Seu papel como o personagem-t\u00edtulo de \u201cBuck Rogers\u201d, fic\u00e7\u00e3o cient\u00edfica baseada nas tirinhas de Philip Francis Nowlan, o transformou em astro mundial, com o g\u00eanero passando por um per\u00edodo de alta demanda ap\u00f3s o sucesso do primeiro Star Wars de George Lucas.<\/p>\n<p>A carreira do ator estagnou nos anos 1990, com participa\u00e7\u00f5es menores em produ\u00e7\u00f5es para a televis\u00e3o, como a novela &#8220;Days of Our Lives\u201d, \u201cDrop Dead Diva\u201d, \u201cThe Big Easy\u201d e alguns telefilmes. Seu papel mais recente foi em 2019, no filme \u201cSpace Captain and Callista\u201d, de K.R. Kagan.<\/p>\n<p>Al\u00e9m da esposa, Gerard deixa um filho, Gib, fruto de seu primeiro casamento com a atriz Connie Sellecca.<\/p>\n<p>Veja Tamb\u00e9m<\/p>\n","protected":false},"excerpt":{"rendered":"Gil Gerard, ator protagonista da cl\u00e1ssica s\u00e9rie \u201cBuck Rogers\u201d, morreu em sua casa na Georgia, Estados Unidos, aos&hellip;\n","protected":false},"author":2,"featured_media":194344,"comment_status":"","ping_status":"","sticky":false,"template":"","format":"standard","meta":{"footnotes":""},"categories":[145],"tags":[3428,38923,211,210,114,115,326,38922,32,33],"class_list":{"0":"post-194343","1":"post","2":"type-post","3":"status-publish","4":"format-standard","5":"has-post-thumbnail","7":"category-celebridades","8":"tag-arte-agenda","9":"tag-buck-rogers","10":"tag-celebridades","11":"tag-celebrities","12":"tag-entertainment","13":"tag-entretenimento","14":"tag-falecimento","15":"tag-gil-gerard","16":"tag-portugal","17":"tag-pt"},"share_on_mastodon":{"url":"https:\/\/pubeurope.com\/@pt\/115744698787760912","error":""},"_links":{"self":[{"href":"https:\/\/www.europesays.com\/pt\/wp-json\/wp\/v2\/posts\/194343","targetHints":{"allow":["GET"]}}],"collection":[{"href":"https:\/\/www.europesays.com\/pt\/wp-json\/wp\/v2\/posts"}],"about":[{"href":"https:\/\/www.europesays.com\/pt\/wp-json\/wp\/v2\/types\/post"}],"author":[{"embeddable":true,"href":"https:\/\/www.europesays.com\/pt\/wp-json\/wp\/v2\/users\/2"}],"replies":[{"embeddable":true,"href":"https:\/\/www.europesays.com\/pt\/wp-json\/wp\/v2\/comments?post=194343"}],"version-history":[{"count":0,"href":"https:\/\/www.europesays.com\/pt\/wp-json\/wp\/v2\/posts\/194343\/revisions"}],"wp:featuredmedia":[{"embeddable":true,"href":"https:\/\/www.europesays.com\/pt\/wp-json\/wp\/v2\/media\/194344"}],"wp:attachment":[{"href":"https:\/\/www.europesays.com\/pt\/wp-json\/wp\/v2\/media?parent=194343"}],"wp:term":[{"taxonomy":"category","embeddable":true,"href":"https:\/\/www.europesays.com\/pt\/wp-json\/wp\/v2\/categories?post=194343"},{"taxonomy":"post_tag","embeddable":true,"href":"https:\/\/www.europesays.com\/pt\/wp-json\/wp\/v2\/tags?post=194343"}],"curies":[{"name":"wp","href":"https:\/\/api.w.org\/{rel}","templated":true}]}}