{"id":194345,"date":"2025-12-19T06:00:18","date_gmt":"2025-12-19T06:00:18","guid":{"rendered":"https:\/\/www.europesays.com\/pt\/194345\/"},"modified":"2025-12-19T06:00:18","modified_gmt":"2025-12-19T06:00:18","slug":"uma-batalha-apos-a-outra-o-que-ver-na-tv-nesta-sexta-18-12-2025-ilustrada","status":"publish","type":"post","link":"https:\/\/www.europesays.com\/pt\/194345\/","title":{"rendered":"&#8216;Uma Batalha Ap\u00f3s a Outra&#8217;: o que ver na TV nesta sexta &#8211; 18\/12\/2025 &#8211; Ilustrada"},"content":{"rendered":"<p>O mais recente filme de Paul Thomas Anderson, <a href=\"https:\/\/www1.folha.uol.com.br\/ilustrada\/2025\/09\/uma-batalha-apos-a-outra-e-espetaculo-de-contradicoes-americanas.shtml\" rel=\"nofollow noopener\" target=\"\">&#8220;Uma Batalha Ap\u00f3s a Outra&#8221;<\/a>, chega \u00e0 plataforma com nove indica\u00e7\u00f5es ao Globo de Ouro e 14 ao Critics Choice Awards.<\/p>\n<p>Protagonizado por <a href=\"https:\/\/www1.folha.uol.com.br\/folha-topicos\/leonardo-dicaprio\/\" rel=\"nofollow noopener\" target=\"\">Leonardo DiCaprio<\/a>, Benicio del Toro, Sean Penn e Teyana Taylor, \u00e9 baseado no romance &#8220;Vineland&#8221;, de Thomas Pynchon. Um revolucion\u00e1rio decadente, paranoico e chapado sobrevive fora do sistema com sua filha Willa. Dezesseis anos depois, um inimigo reaparece e p\u00f5e a jovem em perigo.<\/p>\n<p><strong>HBO Max, 16 anos<\/strong><\/p>\n<p><strong>Assassinato em M\u00f4naco<\/strong><\/p>\n<p>O document\u00e1rio examina detalhes do assassinato do banqueiro Edmond Safra, em 1999, em M\u00f4naco, dentro de um apartamento que era uma fortaleza. A investiga\u00e7\u00e3o envolve a m\u00e1fia russa, um enfermeiro americano e a mulher da v\u00edtima desse crime, Lily Safra.<\/p>\n<p><strong>Netflix, 14 anos<\/strong><\/p>\n<p><strong>Dom\u00e9sticas<\/strong><\/p>\n<p>Lan\u00e7ado em 2001, o longa de Fernando Meirelles e Nando Olival \u00e9 baseado na pe\u00e7a hom\u00f4nima de Renata Melo. Retrata o cotidiano de amigas que vivem na periferia de S\u00e3o Paulo, cada uma com seus sonhos e diferentes vis\u00f5es de para\u00edso \u2014e com a mesma profiss\u00e3o de empregada dom\u00e9stica.<\/p>\n<p><strong>Reserva Imovision, 14 anos<\/strong><\/p>\n<p><strong>Evilside<\/strong><\/p>\n<p>Um garoto \u00e9 encontrado morto numa ilha do norte da Finl\u00e2ndia. Como ele era o \u00fanico amigo de Johanna, uma menina que sofria bullying, ela se torna a principal suspeita do assassinato. Mas a detetive Ulla Penttinen parece acreditar em sua inoc\u00eancia. A miniss\u00e9rie de noir n\u00f3rdico \u00e9 de 2023 e dividida em seis epis\u00f3dios.<\/p>\n<p><strong>Looke, 16 anos<\/strong><\/p>\n<p><strong>A Terra \u00c9 Redonda: O Universo na Era da Desinforma\u00e7\u00e3o<\/strong><\/p>\n<p>Teorias conspirat\u00f3rias cient\u00edficas \u2014como a ideia de que a Terra \u00e9 plana ou de que nunca fomos \u00e0 Lua\u2014 viralizam com frequ\u00eancia nas redes. O filme de Elsa Guiol e Pierre Beau mostra o impacto da desinforma\u00e7\u00e3o e por que isso preocupa a comunidade cient\u00edfica.<\/p>\n<p><strong>Curta!, 21h, livre<\/strong><\/p>\n<p><strong>Erlon Chaves: O Maestro do Veneno<\/strong><\/p>\n<p>Prod\u00edgio do r\u00e1dio, Erlon Chaves redefiniu o samba-jazz e o samba-rock na era da TV ao vivo. O filme rev\u00ea sua trajet\u00f3ria, seu impacto na ind\u00fastria fonogr\u00e1fica desde o sucesso &#8220;Eu Tamb\u00e9m Quero Mocot\u00f3&#8221;, de 1970, e como ele enfrentou o racismo e a censura.<\/p>\n<p><strong>Sesc Digital e Sesc TV, 22h, 12 anos<\/strong><\/p>\n<p><strong>Di\u00e1logos com Mario Sergio Conti<\/strong><\/p>\n<p>O jornalista e colunista da <strong>Folha <\/strong>Mario Sergio Conti recebe Cezar Peluso, ex-ministro do STF, para falar sobre o c\u00f3digo de \u00e9tica da Corte, seus trabalhos recentes e os limites da separa\u00e7\u00e3o de Poderes.<\/p>\n<p><strong>GloboNews, 23h30, livre<\/strong> <strong> <\/strong><\/p>\n","protected":false},"excerpt":{"rendered":"O mais recente filme de Paul Thomas Anderson, &#8220;Uma Batalha Ap\u00f3s a Outra&#8221;, chega \u00e0 plataforma com nove&hellip;\n","protected":false},"author":2,"featured_media":153455,"comment_status":"","ping_status":"","sticky":false,"template":"","format":"standard","meta":{"footnotes":""},"categories":[142],"tags":[114,115,236,32,33,151,600],"class_list":{"0":"post-194345","1":"post","2":"type-post","3":"status-publish","4":"format-standard","5":"has-post-thumbnail","7":"category-tv","8":"tag-entertainment","9":"tag-entretenimento","10":"tag-folha","11":"tag-portugal","12":"tag-pt","13":"tag-tv","14":"tag-veja-video"},"share_on_mastodon":{"url":"https:\/\/pubeurope.com\/@pt\/115744710847020157","error":""},"_links":{"self":[{"href":"https:\/\/www.europesays.com\/pt\/wp-json\/wp\/v2\/posts\/194345","targetHints":{"allow":["GET"]}}],"collection":[{"href":"https:\/\/www.europesays.com\/pt\/wp-json\/wp\/v2\/posts"}],"about":[{"href":"https:\/\/www.europesays.com\/pt\/wp-json\/wp\/v2\/types\/post"}],"author":[{"embeddable":true,"href":"https:\/\/www.europesays.com\/pt\/wp-json\/wp\/v2\/users\/2"}],"replies":[{"embeddable":true,"href":"https:\/\/www.europesays.com\/pt\/wp-json\/wp\/v2\/comments?post=194345"}],"version-history":[{"count":0,"href":"https:\/\/www.europesays.com\/pt\/wp-json\/wp\/v2\/posts\/194345\/revisions"}],"wp:featuredmedia":[{"embeddable":true,"href":"https:\/\/www.europesays.com\/pt\/wp-json\/wp\/v2\/media\/153455"}],"wp:attachment":[{"href":"https:\/\/www.europesays.com\/pt\/wp-json\/wp\/v2\/media?parent=194345"}],"wp:term":[{"taxonomy":"category","embeddable":true,"href":"https:\/\/www.europesays.com\/pt\/wp-json\/wp\/v2\/categories?post=194345"},{"taxonomy":"post_tag","embeddable":true,"href":"https:\/\/www.europesays.com\/pt\/wp-json\/wp\/v2\/tags?post=194345"}],"curies":[{"name":"wp","href":"https:\/\/api.w.org\/{rel}","templated":true}]}}