{"id":194363,"date":"2025-12-19T06:35:09","date_gmt":"2025-12-19T06:35:09","guid":{"rendered":"https:\/\/www.europesays.com\/pt\/194363\/"},"modified":"2025-12-19T06:35:09","modified_gmt":"2025-12-19T06:35:09","slug":"gisele-bundchen-aposta-em-vestido-transparente-para-jantar-de-gala-em-sao-paulo","status":"publish","type":"post","link":"https:\/\/www.europesays.com\/pt\/194363\/","title":{"rendered":"Gisele B\u00fcndchen aposta em vestido transparente para jantar de gala em S\u00e3o Paulo"},"content":{"rendered":"\n<p class=\" content-text__container \" data-track-category=\"Link no Texto\" data-track-links=\"\"> &#8220;Acabei de chegar no Brasil e, quando estou aqui, gosto de aproveitar o tempo com a minha fam\u00edlia&#8221;, diz \u00e0 Glamour sobre o que n\u00e3o abre m\u00e3o de fazer ao pisar no Pa\u00eds. J\u00e1 s\u00e3o quase 30 anos de base nos Estados Unidos, sendo que sua casa principal fica em Miami, na Fl\u00f3rida, onde acabou de comprar uma quarta mans\u00e3o avaliada em 14,5 milh\u00f5es de d\u00f3lares, aproximadamente R$ 77,3 milh\u00f5es. O novo im\u00f3vel fica ao lado da resid\u00eancia onde j\u00e1 morava no luxuoso bairro de Surfside. <\/p>\n","protected":false},"excerpt":{"rendered":"&#8220;Acabei de chegar no Brasil e, quando estou aqui, gosto de aproveitar o tempo com a minha fam\u00edlia&#8221;,&hellip;\n","protected":false},"author":2,"featured_media":194364,"comment_status":"","ping_status":"","sticky":false,"template":"","format":"standard","meta":{"footnotes":""},"categories":[145],"tags":[38925,211,210,114,115,12115,10406,32,33],"class_list":{"0":"post-194363","1":"post","2":"type-post","3":"status-publish","4":"format-standard","5":"has-post-thumbnail","7":"category-celebridades","8":"tag-amuse-me","9":"tag-celebridades","10":"tag-celebrities","11":"tag-entertainment","12":"tag-entretenimento","13":"tag-gisele-bundchen","14":"tag-marina-ruy-barbosa","15":"tag-portugal","16":"tag-pt"},"share_on_mastodon":{"url":"https:\/\/pubeurope.com\/@pt\/115744848214734503","error":""},"_links":{"self":[{"href":"https:\/\/www.europesays.com\/pt\/wp-json\/wp\/v2\/posts\/194363","targetHints":{"allow":["GET"]}}],"collection":[{"href":"https:\/\/www.europesays.com\/pt\/wp-json\/wp\/v2\/posts"}],"about":[{"href":"https:\/\/www.europesays.com\/pt\/wp-json\/wp\/v2\/types\/post"}],"author":[{"embeddable":true,"href":"https:\/\/www.europesays.com\/pt\/wp-json\/wp\/v2\/users\/2"}],"replies":[{"embeddable":true,"href":"https:\/\/www.europesays.com\/pt\/wp-json\/wp\/v2\/comments?post=194363"}],"version-history":[{"count":0,"href":"https:\/\/www.europesays.com\/pt\/wp-json\/wp\/v2\/posts\/194363\/revisions"}],"wp:featuredmedia":[{"embeddable":true,"href":"https:\/\/www.europesays.com\/pt\/wp-json\/wp\/v2\/media\/194364"}],"wp:attachment":[{"href":"https:\/\/www.europesays.com\/pt\/wp-json\/wp\/v2\/media?parent=194363"}],"wp:term":[{"taxonomy":"category","embeddable":true,"href":"https:\/\/www.europesays.com\/pt\/wp-json\/wp\/v2\/categories?post=194363"},{"taxonomy":"post_tag","embeddable":true,"href":"https:\/\/www.europesays.com\/pt\/wp-json\/wp\/v2\/tags?post=194363"}],"curies":[{"name":"wp","href":"https:\/\/api.w.org\/{rel}","templated":true}]}}